{"id":711,"date":"2018-05-30T23:47:10","date_gmt":"2018-05-30T21:47:10","guid":{"rendered":"https:\/\/av.arbeaumont.eu\/?p=711"},"modified":"2019-04-08T21:16:22","modified_gmt":"2019-04-08T19:16:22","slug":"sur-le-banc-des-emotions","status":"publish","type":"post","link":"https:\/\/av.arbeaumont.eu\/index.php\/2018\/05\/30\/sur-le-banc-des-emotions\/","title":{"rendered":"Sur le banc des \u00e9motions"},"content":{"rendered":"<h3><strong>Durant un an, les \u00e9l\u00e8ves de 4e audiovisuel ont photographi\u00e9 les \u00e9motions dans l&rsquo;\u00e9cole. \u00a0Un projet qui a aiguis\u00e9 leur regard par rapport aux images m\u00e9diatiques. \u00a0Sans \u00e9motions pas de buzz, \u00a0les \u00e9l\u00e8ves l&rsquo;ont bien compris. \u00a0Mais jusqu&rsquo;o\u00f9 faut-il aller? \u00a0Avec cette exp\u00e9rience, ils ont parfois appris \u00e0 tricher avec l&rsquo;image, \u00e0 la manipuler, \u00e0 en changer le sens et surtout \u00e0 lui faire dire n&rsquo;importe quoi. \u00a0S&rsquo;ils peuvent le faire, que penser de toutes les images v\u00e9hicul\u00e9es dans la presse, en t\u00e9l\u00e9vision ou sur internet&#8230;<\/strong><\/h3>\n<p><span class=\"embed-youtube\" style=\"text-align:center; display: block;\"><iframe loading=\"lazy\" class=\"youtube-player\" width=\"696\" height=\"392\" src=\"https:\/\/www.youtube.com\/embed\/0bJ3K6NXMZ4?version=3&#038;rel=1&#038;showsearch=0&#038;showinfo=1&#038;iv_load_policy=1&#038;fs=1&#038;hl=fr-FR&#038;autohide=2&#038;wmode=transparent\" allowfullscreen=\"true\" style=\"border:0;\" sandbox=\"allow-scripts allow-same-origin allow-popups allow-presentation\"><\/iframe><\/span><\/p>\n","protected":false},"excerpt":{"rendered":"<p>Durant un an, les \u00e9l\u00e8ves de 4e audiovisuel ont photographi\u00e9 les \u00e9motions dans l&rsquo;\u00e9cole. \u00a0Un projet qui a aiguis\u00e9 leur regard par rapport aux images m\u00e9diatiques. \u00a0Sans \u00e9motions pas de buzz, \u00a0les \u00e9l\u00e8ves l&rsquo;ont bien compris. \u00a0Mais jusqu&rsquo;o\u00f9 faut-il aller? \u00a0Avec cette exp\u00e9rience, ils ont parfois appris \u00e0 tricher avec l&rsquo;image, \u00e0 la manipuler, \u00e0 [&hellip;]<\/p>\n","protected":false},"author":1,"featured_media":712,"comment_status":"open","ping_status":"closed","sticky":true,"template":"","format":"standard","meta":{"jetpack_post_was_ever_published":false,"footnotes":""},"categories":[24],"tags":[],"class_list":{"0":"post-711","1":"post","2":"type-post","3":"status-publish","4":"format-standard","5":"has-post-thumbnail","7":"category-documentaires"},"jetpack_featured_media_url":"https:\/\/av.arbeaumont.eu\/wp-content\/uploads\/2018\/05\/IMG_6135.jpg","jetpack_sharing_enabled":true,"jetpack_shortlink":"https:\/\/wp.me\/p8Dhaa-bt","jetpack_likes_enabled":true,"jetpack-related-posts":[{"id":630,"url":"https:\/\/av.arbeaumont.eu\/index.php\/2018\/01\/24\/collaboration-entre-la-maison-des-jeunes-de-beaumont-et-lathenee\/","url_meta":{"origin":711,"position":0},"title":"La s\u00e9curit\u00e9 sur la route et sur internet","date":"24 janvier 2018","format":"video","excerpt":"La publicit\u00e9 en question Comment construire un message publicitaire ? \u00a0Quels sont les trucs utilis\u00e9s par les soci\u00e9t\u00e9s de marketing pour nous pi\u00e9ger? \u00a0Cherche-t-on \u00e0 nous mentir et \u00e0 nous manipuler? \u00a0Quelle vision de la soci\u00e9t\u00e9 la publicit\u00e9 nous renvoie-elle? \u00a0Toutes ces questions, nous les avons examin\u00e9es avec les 4e\u2026","rel":"","context":"Dans &quot;Affiches&quot;","img":{"alt_text":"","src":"https:\/\/i0.wp.com\/av.arbeaumont.eu\/wp-content\/uploads\/2018\/01\/BERNARD-Noah-Pub.jpg?resize=350%2C200&ssl=1","width":350,"height":200},"classes":[]},{"id":2161,"url":"https:\/\/av.arbeaumont.eu\/index.php\/2021\/04\/01\/adobic-notre-premier-journal-papier-est-ne\/","url_meta":{"origin":711,"position":1},"title":"1er prix du concours \u00ab\u00a0Journalistes en herbe\u00a0\u00bb en 2021","date":"1 avril 2021","format":false,"excerpt":"AdoBIC, notre premier journal papier est n\u00e9! AdoBIC,\u00a0c\u2019est l\u2019association d\u2019une contraction du mot \u00ab\u00a0adolescent\u00a0\u00bb et d\u2019une abr\u00e9viation\u00a0Beaumont-Infos-Covid-19 (BIC).\u00a0\u00a0C\u2019est donc un journal, r\u00e9alis\u00e9 par des ados, qui vous informe sur\u00a0la Covid-19 \u00e0 Beaumont.\u00a0\u00a0Pour les \u00e9l\u00e8ves de rh\u00e9to de l\u2019option audiovisuelle de l\u2019ath\u00e9n\u00e9e, il s\u2019agit une exp\u00e9rience lanc\u00e9e en 2020-2021 dans le\u2026","rel":"","context":"Dans &quot;AdoBIC 2021&quot;","img":{"alt_text":"","src":"https:\/\/i0.wp.com\/av.arbeaumont.eu\/wp-content\/uploads\/2021\/04\/La-Une-dAdobic.jpg?resize=350%2C200&ssl=1","width":350,"height":200},"classes":[]},{"id":3342,"url":"https:\/\/av.arbeaumont.eu\/index.php\/2026\/03\/14\/deux-de-nos-eleves-relevent-un-defi-lance-par-telesambre\/","url_meta":{"origin":711,"position":2},"title":"Deux de nos \u00e9l\u00e8ves rel\u00e8vent un d\u00e9fi lanc\u00e9 par T\u00e9l\u00e9sambre","date":"14 mars 2026","format":false,"excerpt":"R\u00e9aliser un reportage professionnel pour l'\u00e9mission des Correspondants locaux. Le d\u00e9fi n'est pas simple mais d'embl\u00e9e, deux \u00e9l\u00e8ves acceptent de se lancer dans l'exp\u00e9rience. Ils doivent trouver un reportage d'actualit\u00e9, prendre les contacts, aller sur le terrain, tourner eux-m\u00eames les images, monter la vid\u00e9o, \u00e9crire un commentaire, le lire et\u2026","rel":"","context":"Dans &quot;La section audiovisuelle dans les m\u00e9dias&quot;","img":{"alt_text":"","src":"https:\/\/i0.wp.com\/av.arbeaumont.eu\/wp-content\/uploads\/2026\/03\/Capture-decran-2026-03-14-a-17.00.32.jpg?resize=350%2C200&ssl=1","width":350,"height":200},"classes":[]},{"id":422,"url":"https:\/\/av.arbeaumont.eu\/index.php\/2017\/04\/10\/des-photos-avec-une-boite-de-conserve\/","url_meta":{"origin":711,"position":3},"title":"Des photos avec une boite de conserve?","date":"10 avril 2017","format":false,"excerpt":"C'est possible gr\u00e2ce au st\u00e9nop\u00e9. Le st\u00e9nop\u00e9 est l\u2019anc\u00eatre de l\u2019appareil photo moderne. C\u2019est un dispositif optique tr\u00e8s simple d\u00e9riv\u00e9 du principe de la camera obscura ou chambre noire. \u00a0 \u00a0Le principe consiste \u00e0 faire un petit trou dans un mur ou une boite noire, ce qui permet d\u2019obtenir une\u2026","rel":"","context":"Dans &quot;Photos&quot;","img":{"alt_text":"","src":"https:\/\/i0.wp.com\/av.arbeaumont.eu\/wp-content\/uploads\/2017\/04\/DSC08112.jpg?resize=350%2C200&ssl=1","width":350,"height":200},"classes":[]},{"id":3214,"url":"https:\/\/av.arbeaumont.eu\/index.php\/2026\/03\/14\/souris-mchou\/","url_meta":{"origin":711,"position":4},"title":"Souris m&rsquo;chou &#8211; Notre 2e mini entreprise en audiovisuel","date":"14 mars 2026","format":false,"excerpt":"Souris m'chou, c'est le nom de notre deuxi\u00e8me mini-entreprise. Ce projet est encadr\u00e9 par l'asbl LJE - Les Jeunes entreprises - et vise \u00e0 developper chez les jeunes l'esprit d'entreprendre. Oser, cr\u00e9er, r\u00eaver, voil\u00e0 leur slogan. Le principe est simple : les \u00e9l\u00e8ves s'unissent en coop\u00e9rative. Chacun d'entre eux d\u00e9pose\u2026","rel":"","context":"Dans &quot;Souris m'chou&quot;","img":{"alt_text":"","src":"https:\/\/i0.wp.com\/av.arbeaumont.eu\/wp-content\/uploads\/2026\/03\/Prix-meilleure-experience.jpg?resize=350%2C200&ssl=1","width":350,"height":200},"classes":[]},{"id":481,"url":"https:\/\/av.arbeaumont.eu\/index.php\/2017\/06\/03\/samuser-en-decouvrant-les-coins-insolites-de-beaumont\/","url_meta":{"origin":711,"position":5},"title":"S&rsquo;amuser en d\u00e9couvrant les coins insolites de Beaumont","date":"3 juin 2017","format":false,"excerpt":"Un webdocumentaire r\u00e9alis\u00e9 par les \u00e9l\u00e8ves de 3e audiovisuel En 2016-2017, l'ath\u00e9n\u00e9e royal de Beaumont a ouvert une option audiovisuel. \u00a0Une quinzaine \u00e9l\u00e8ves ont inaugur\u00e9 la section et dans la foul\u00e9e, ils ont \u00e9t\u00e9 laur\u00e9ats d'un appel \u00e0 projet lanc\u00e9 par le Conseil Sup\u00e9rieur de l'Education aux M\u00e9dias (CSEM). \u00a0Le\u2026","rel":"","context":"Dans &quot;Documentaires&quot;","img":{"alt_text":"","src":"https:\/\/i0.wp.com\/av.arbeaumont.eu\/wp-content\/uploads\/2017\/06\/Capture-d\u2019\u00e9cran-2017-06-03-\u00e0-22.36.33.png?resize=350%2C200&ssl=1","width":350,"height":200},"classes":[]}],"amp_enabled":true,"_links":{"self":[{"href":"https:\/\/av.arbeaumont.eu\/index.php\/wp-json\/wp\/v2\/posts\/711","targetHints":{"allow":["GET"]}}],"collection":[{"href":"https:\/\/av.arbeaumont.eu\/index.php\/wp-json\/wp\/v2\/posts"}],"about":[{"href":"https:\/\/av.arbeaumont.eu\/index.php\/wp-json\/wp\/v2\/types\/post"}],"author":[{"embeddable":true,"href":"https:\/\/av.arbeaumont.eu\/index.php\/wp-json\/wp\/v2\/users\/1"}],"replies":[{"embeddable":true,"href":"https:\/\/av.arbeaumont.eu\/index.php\/wp-json\/wp\/v2\/comments?post=711"}],"version-history":[{"count":3,"href":"https:\/\/av.arbeaumont.eu\/index.php\/wp-json\/wp\/v2\/posts\/711\/revisions"}],"predecessor-version":[{"id":767,"href":"https:\/\/av.arbeaumont.eu\/index.php\/wp-json\/wp\/v2\/posts\/711\/revisions\/767"}],"wp:featuredmedia":[{"embeddable":true,"href":"https:\/\/av.arbeaumont.eu\/index.php\/wp-json\/wp\/v2\/media\/712"}],"wp:attachment":[{"href":"https:\/\/av.arbeaumont.eu\/index.php\/wp-json\/wp\/v2\/media?parent=711"}],"wp:term":[{"taxonomy":"category","embeddable":true,"href":"https:\/\/av.arbeaumont.eu\/index.php\/wp-json\/wp\/v2\/categories?post=711"},{"taxonomy":"post_tag","embeddable":true,"href":"https:\/\/av.arbeaumont.eu\/index.php\/wp-json\/wp\/v2\/tags?post=711"}],"curies":[{"name":"wp","href":"https:\/\/api.w.org\/{rel}","templated":true}]}}