{"id":776,"date":"2018-06-11T21:38:36","date_gmt":"2018-06-11T19:38:36","guid":{"rendered":"https:\/\/av.arbeaumont.eu\/?p=776"},"modified":"2018-06-11T21:59:50","modified_gmt":"2018-06-11T19:59:50","slug":"telesambre-parle-du-documentaire-sur-auschwitz","status":"publish","type":"post","link":"https:\/\/av.arbeaumont.eu\/index.php\/2018\/06\/11\/telesambre-parle-du-documentaire-sur-auschwitz\/","title":{"rendered":"T\u00e9l\u00e9sambre met le documentaire sur Auschwitz \u00e0 l&rsquo;honneur"},"content":{"rendered":"<p>Chouette reportage aujourd&rsquo;hui dans le journal de T\u00e9l\u00e9sambre \u00e0 propos du reportage r\u00e9alis\u00e9 par les 5TTR \u00e0 Auschwitz. \u00a0Plusieurs extraits du documentaires ont \u00e9t\u00e9 repris int\u00e9gralement dans le reportage. \u00a0Une belle r\u00e9compense \u00e0 nouveau pour la section.<\/p>\n<h1><a href=\"https:\/\/www.telesambre.be\/les-eleves-de-l-athenee-royal-de-beaumont-sur-les-traces-de-simone-veil-a-auschwitz_d_26388.html\">Lien vers le reportage de T\u00e9l\u00e9sambre<\/a><\/h1>\n<p>Voici quelques photos du tournage.<\/p>\n<p><img loading=\"lazy\" decoding=\"async\" data-attachment-id=\"777\" data-permalink=\"https:\/\/av.arbeaumont.eu\/index.php\/2018\/06\/11\/telesambre-parle-du-documentaire-sur-auschwitz\/reportage-2\/\" data-orig-file=\"https:\/\/av.arbeaumont.eu\/wp-content\/uploads\/2018\/05\/Reportage-2.jpg\" data-orig-size=\"2048,1365\" data-comments-opened=\"1\" data-image-meta=\"{&quot;aperture&quot;:&quot;0&quot;,&quot;credit&quot;:&quot;Nathalie Papleux&quot;,&quot;camera&quot;:&quot;&quot;,&quot;caption&quot;:&quot;&quot;,&quot;created_timestamp&quot;:&quot;1527767992&quot;,&quot;copyright&quot;:&quot;Nathalie Papleux&quot;,&quot;focal_length&quot;:&quot;0&quot;,&quot;iso&quot;:&quot;0&quot;,&quot;shutter_speed&quot;:&quot;0&quot;,&quot;title&quot;:&quot;&quot;,&quot;orientation&quot;:&quot;0&quot;}\" data-image-title=\"Reportage-2\" data-image-description=\"\" data-image-caption=\"\" data-medium-file=\"https:\/\/av.arbeaumont.eu\/wp-content\/uploads\/2018\/05\/Reportage-2-300x200.jpg\" data-large-file=\"https:\/\/av.arbeaumont.eu\/wp-content\/uploads\/2018\/05\/Reportage-2-1024x683.jpg\" class=\"alignnone size-medium wp-image-777\" src=\"https:\/\/av.arbeaumont.eu\/wp-content\/uploads\/2018\/05\/Reportage-2-300x200.jpg\" alt=\"\" width=\"300\" height=\"200\" srcset=\"https:\/\/av.arbeaumont.eu\/wp-content\/uploads\/2018\/05\/Reportage-2-300x200.jpg 300w, https:\/\/av.arbeaumont.eu\/wp-content\/uploads\/2018\/05\/Reportage-2-768x512.jpg 768w, https:\/\/av.arbeaumont.eu\/wp-content\/uploads\/2018\/05\/Reportage-2-1024x683.jpg 1024w, https:\/\/av.arbeaumont.eu\/wp-content\/uploads\/2018\/05\/Reportage-2-696x464.jpg 696w, https:\/\/av.arbeaumont.eu\/wp-content\/uploads\/2018\/05\/Reportage-2-1068x712.jpg 1068w, https:\/\/av.arbeaumont.eu\/wp-content\/uploads\/2018\/05\/Reportage-2-630x420.jpg 630w, https:\/\/av.arbeaumont.eu\/wp-content\/uploads\/2018\/05\/Reportage-2.jpg 2048w\" sizes=\"auto, (max-width: 300px) 100vw, 300px\" \/> <img loading=\"lazy\" decoding=\"async\" data-attachment-id=\"778\" data-permalink=\"https:\/\/av.arbeaumont.eu\/index.php\/2018\/06\/11\/telesambre-parle-du-documentaire-sur-auschwitz\/reportage-3\/\" data-orig-file=\"https:\/\/av.arbeaumont.eu\/wp-content\/uploads\/2018\/05\/Reportage-3.jpg\" data-orig-size=\"2048,1365\" data-comments-opened=\"1\" data-image-meta=\"{&quot;aperture&quot;:&quot;0&quot;,&quot;credit&quot;:&quot;Nathalie Papleux&quot;,&quot;camera&quot;:&quot;&quot;,&quot;caption&quot;:&quot;&quot;,&quot;created_timestamp&quot;:&quot;1527768809&quot;,&quot;copyright&quot;:&quot;Nathalie Papleux&quot;,&quot;focal_length&quot;:&quot;0&quot;,&quot;iso&quot;:&quot;0&quot;,&quot;shutter_speed&quot;:&quot;0&quot;,&quot;title&quot;:&quot;&quot;,&quot;orientation&quot;:&quot;0&quot;}\" data-image-title=\"Reportage-3\" data-image-description=\"\" data-image-caption=\"\" data-medium-file=\"https:\/\/av.arbeaumont.eu\/wp-content\/uploads\/2018\/05\/Reportage-3-300x200.jpg\" data-large-file=\"https:\/\/av.arbeaumont.eu\/wp-content\/uploads\/2018\/05\/Reportage-3-1024x683.jpg\" class=\"alignnone size-medium wp-image-778\" src=\"https:\/\/av.arbeaumont.eu\/wp-content\/uploads\/2018\/05\/Reportage-3-300x200.jpg\" alt=\"\" width=\"300\" height=\"200\" srcset=\"https:\/\/av.arbeaumont.eu\/wp-content\/uploads\/2018\/05\/Reportage-3-300x200.jpg 300w, https:\/\/av.arbeaumont.eu\/wp-content\/uploads\/2018\/05\/Reportage-3-768x512.jpg 768w, https:\/\/av.arbeaumont.eu\/wp-content\/uploads\/2018\/05\/Reportage-3-1024x683.jpg 1024w, https:\/\/av.arbeaumont.eu\/wp-content\/uploads\/2018\/05\/Reportage-3-696x464.jpg 696w, https:\/\/av.arbeaumont.eu\/wp-content\/uploads\/2018\/05\/Reportage-3-1068x712.jpg 1068w, https:\/\/av.arbeaumont.eu\/wp-content\/uploads\/2018\/05\/Reportage-3-630x420.jpg 630w, https:\/\/av.arbeaumont.eu\/wp-content\/uploads\/2018\/05\/Reportage-3.jpg 2048w\" sizes=\"auto, (max-width: 300px) 100vw, 300px\" \/> <img loading=\"lazy\" decoding=\"async\" data-attachment-id=\"779\" data-permalink=\"https:\/\/av.arbeaumont.eu\/index.php\/2018\/06\/11\/telesambre-parle-du-documentaire-sur-auschwitz\/reportage-4\/\" data-orig-file=\"https:\/\/av.arbeaumont.eu\/wp-content\/uploads\/2018\/05\/Reportage-4.jpg\" data-orig-size=\"2048,1365\" data-comments-opened=\"1\" data-image-meta=\"{&quot;aperture&quot;:&quot;0&quot;,&quot;credit&quot;:&quot;Nathalie Papleux&quot;,&quot;camera&quot;:&quot;&quot;,&quot;caption&quot;:&quot;&quot;,&quot;created_timestamp&quot;:&quot;1527768824&quot;,&quot;copyright&quot;:&quot;Nathalie Papleux&quot;,&quot;focal_length&quot;:&quot;0&quot;,&quot;iso&quot;:&quot;0&quot;,&quot;shutter_speed&quot;:&quot;0&quot;,&quot;title&quot;:&quot;&quot;,&quot;orientation&quot;:&quot;0&quot;}\" data-image-title=\"Reportage-4\" data-image-description=\"\" data-image-caption=\"\" data-medium-file=\"https:\/\/av.arbeaumont.eu\/wp-content\/uploads\/2018\/05\/Reportage-4-300x200.jpg\" data-large-file=\"https:\/\/av.arbeaumont.eu\/wp-content\/uploads\/2018\/05\/Reportage-4-1024x683.jpg\" class=\"alignnone size-medium wp-image-779\" src=\"https:\/\/av.arbeaumont.eu\/wp-content\/uploads\/2018\/05\/Reportage-4-300x200.jpg\" alt=\"\" width=\"300\" height=\"200\" srcset=\"https:\/\/av.arbeaumont.eu\/wp-content\/uploads\/2018\/05\/Reportage-4-300x200.jpg 300w, https:\/\/av.arbeaumont.eu\/wp-content\/uploads\/2018\/05\/Reportage-4-768x512.jpg 768w, https:\/\/av.arbeaumont.eu\/wp-content\/uploads\/2018\/05\/Reportage-4-1024x683.jpg 1024w, https:\/\/av.arbeaumont.eu\/wp-content\/uploads\/2018\/05\/Reportage-4-696x464.jpg 696w, https:\/\/av.arbeaumont.eu\/wp-content\/uploads\/2018\/05\/Reportage-4-1068x712.jpg 1068w, https:\/\/av.arbeaumont.eu\/wp-content\/uploads\/2018\/05\/Reportage-4-630x420.jpg 630w, https:\/\/av.arbeaumont.eu\/wp-content\/uploads\/2018\/05\/Reportage-4.jpg 2048w\" sizes=\"auto, (max-width: 300px) 100vw, 300px\" \/> <img loading=\"lazy\" decoding=\"async\" data-attachment-id=\"780\" data-permalink=\"https:\/\/av.arbeaumont.eu\/index.php\/2018\/06\/11\/telesambre-parle-du-documentaire-sur-auschwitz\/reportage-5\/\" data-orig-file=\"https:\/\/av.arbeaumont.eu\/wp-content\/uploads\/2018\/05\/Reportage-5.jpg\" data-orig-size=\"2048,1365\" data-comments-opened=\"1\" data-image-meta=\"{&quot;aperture&quot;:&quot;0&quot;,&quot;credit&quot;:&quot;Nathalie Papleux&quot;,&quot;camera&quot;:&quot;&quot;,&quot;caption&quot;:&quot;&quot;,&quot;created_timestamp&quot;:&quot;1527768835&quot;,&quot;copyright&quot;:&quot;Nathalie Papleux&quot;,&quot;focal_length&quot;:&quot;0&quot;,&quot;iso&quot;:&quot;0&quot;,&quot;shutter_speed&quot;:&quot;0&quot;,&quot;title&quot;:&quot;&quot;,&quot;orientation&quot;:&quot;0&quot;}\" data-image-title=\"Reportage-5\" data-image-description=\"\" data-image-caption=\"\" data-medium-file=\"https:\/\/av.arbeaumont.eu\/wp-content\/uploads\/2018\/05\/Reportage-5-300x200.jpg\" data-large-file=\"https:\/\/av.arbeaumont.eu\/wp-content\/uploads\/2018\/05\/Reportage-5-1024x683.jpg\" class=\"alignnone size-medium wp-image-780\" src=\"https:\/\/av.arbeaumont.eu\/wp-content\/uploads\/2018\/05\/Reportage-5-300x200.jpg\" alt=\"\" width=\"300\" height=\"200\" srcset=\"https:\/\/av.arbeaumont.eu\/wp-content\/uploads\/2018\/05\/Reportage-5-300x200.jpg 300w, https:\/\/av.arbeaumont.eu\/wp-content\/uploads\/2018\/05\/Reportage-5-768x512.jpg 768w, https:\/\/av.arbeaumont.eu\/wp-content\/uploads\/2018\/05\/Reportage-5-1024x683.jpg 1024w, https:\/\/av.arbeaumont.eu\/wp-content\/uploads\/2018\/05\/Reportage-5-696x464.jpg 696w, https:\/\/av.arbeaumont.eu\/wp-content\/uploads\/2018\/05\/Reportage-5-1068x712.jpg 1068w, https:\/\/av.arbeaumont.eu\/wp-content\/uploads\/2018\/05\/Reportage-5-630x420.jpg 630w, https:\/\/av.arbeaumont.eu\/wp-content\/uploads\/2018\/05\/Reportage-5.jpg 2048w\" sizes=\"auto, (max-width: 300px) 100vw, 300px\" \/> <img loading=\"lazy\" decoding=\"async\" data-attachment-id=\"781\" data-permalink=\"https:\/\/av.arbeaumont.eu\/index.php\/2018\/06\/11\/telesambre-parle-du-documentaire-sur-auschwitz\/reportage-6\/\" data-orig-file=\"https:\/\/av.arbeaumont.eu\/wp-content\/uploads\/2018\/05\/Reportage-6.jpg\" data-orig-size=\"2048,1365\" data-comments-opened=\"1\" data-image-meta=\"{&quot;aperture&quot;:&quot;0&quot;,&quot;credit&quot;:&quot;Nathalie Papleux&quot;,&quot;camera&quot;:&quot;&quot;,&quot;caption&quot;:&quot;&quot;,&quot;created_timestamp&quot;:&quot;1527768857&quot;,&quot;copyright&quot;:&quot;Nathalie Papleux&quot;,&quot;focal_length&quot;:&quot;0&quot;,&quot;iso&quot;:&quot;0&quot;,&quot;shutter_speed&quot;:&quot;0&quot;,&quot;title&quot;:&quot;&quot;,&quot;orientation&quot;:&quot;0&quot;}\" data-image-title=\"Reportage-6\" data-image-description=\"\" data-image-caption=\"\" data-medium-file=\"https:\/\/av.arbeaumont.eu\/wp-content\/uploads\/2018\/05\/Reportage-6-300x200.jpg\" data-large-file=\"https:\/\/av.arbeaumont.eu\/wp-content\/uploads\/2018\/05\/Reportage-6-1024x683.jpg\" class=\"alignnone size-medium wp-image-781\" src=\"https:\/\/av.arbeaumont.eu\/wp-content\/uploads\/2018\/05\/Reportage-6-300x200.jpg\" alt=\"\" width=\"300\" height=\"200\" srcset=\"https:\/\/av.arbeaumont.eu\/wp-content\/uploads\/2018\/05\/Reportage-6-300x200.jpg 300w, https:\/\/av.arbeaumont.eu\/wp-content\/uploads\/2018\/05\/Reportage-6-768x512.jpg 768w, https:\/\/av.arbeaumont.eu\/wp-content\/uploads\/2018\/05\/Reportage-6-1024x683.jpg 1024w, https:\/\/av.arbeaumont.eu\/wp-content\/uploads\/2018\/05\/Reportage-6-696x464.jpg 696w, https:\/\/av.arbeaumont.eu\/wp-content\/uploads\/2018\/05\/Reportage-6-1068x712.jpg 1068w, https:\/\/av.arbeaumont.eu\/wp-content\/uploads\/2018\/05\/Reportage-6-630x420.jpg 630w, https:\/\/av.arbeaumont.eu\/wp-content\/uploads\/2018\/05\/Reportage-6.jpg 2048w\" sizes=\"auto, (max-width: 300px) 100vw, 300px\" \/> <img loading=\"lazy\" decoding=\"async\" data-attachment-id=\"782\" data-permalink=\"https:\/\/av.arbeaumont.eu\/index.php\/2018\/06\/11\/telesambre-parle-du-documentaire-sur-auschwitz\/reportage\/\" data-orig-file=\"https:\/\/av.arbeaumont.eu\/wp-content\/uploads\/2018\/05\/Reportage.jpg\" data-orig-size=\"2048,1365\" data-comments-opened=\"1\" data-image-meta=\"{&quot;aperture&quot;:&quot;0&quot;,&quot;credit&quot;:&quot;Nathalie Papleux&quot;,&quot;camera&quot;:&quot;&quot;,&quot;caption&quot;:&quot;&quot;,&quot;created_timestamp&quot;:&quot;1527767959&quot;,&quot;copyright&quot;:&quot;Nathalie Papleux&quot;,&quot;focal_length&quot;:&quot;0&quot;,&quot;iso&quot;:&quot;0&quot;,&quot;shutter_speed&quot;:&quot;0&quot;,&quot;title&quot;:&quot;&quot;,&quot;orientation&quot;:&quot;0&quot;}\" data-image-title=\"Reportage\" data-image-description=\"\" data-image-caption=\"\" data-medium-file=\"https:\/\/av.arbeaumont.eu\/wp-content\/uploads\/2018\/05\/Reportage-300x200.jpg\" data-large-file=\"https:\/\/av.arbeaumont.eu\/wp-content\/uploads\/2018\/05\/Reportage-1024x683.jpg\" class=\"alignnone size-medium wp-image-782\" src=\"https:\/\/av.arbeaumont.eu\/wp-content\/uploads\/2018\/05\/Reportage-300x200.jpg\" alt=\"\" width=\"300\" height=\"200\" srcset=\"https:\/\/av.arbeaumont.eu\/wp-content\/uploads\/2018\/05\/Reportage-300x200.jpg 300w, https:\/\/av.arbeaumont.eu\/wp-content\/uploads\/2018\/05\/Reportage-768x512.jpg 768w, https:\/\/av.arbeaumont.eu\/wp-content\/uploads\/2018\/05\/Reportage-1024x683.jpg 1024w, https:\/\/av.arbeaumont.eu\/wp-content\/uploads\/2018\/05\/Reportage-696x464.jpg 696w, https:\/\/av.arbeaumont.eu\/wp-content\/uploads\/2018\/05\/Reportage-1068x712.jpg 1068w, https:\/\/av.arbeaumont.eu\/wp-content\/uploads\/2018\/05\/Reportage-630x420.jpg 630w, https:\/\/av.arbeaumont.eu\/wp-content\/uploads\/2018\/05\/Reportage.jpg 2048w\" sizes=\"auto, (max-width: 300px) 100vw, 300px\" \/><\/p>\n<h2><\/h2>\n","protected":false},"excerpt":{"rendered":"<p>Chouette reportage aujourd&rsquo;hui dans le journal de T\u00e9l\u00e9sambre \u00e0 propos du reportage r\u00e9alis\u00e9 par les 5TTR \u00e0 Auschwitz. \u00a0Plusieurs extraits du documentaires ont \u00e9t\u00e9 repris int\u00e9gralement dans le reportage. \u00a0Une belle r\u00e9compense \u00e0 nouveau pour la section. Lien vers le reportage de T\u00e9l\u00e9sambre Voici quelques photos du tournage.<\/p>\n","protected":false},"author":1,"featured_media":779,"comment_status":"open","ping_status":"closed","sticky":false,"template":"","format":"standard","meta":{"jetpack_post_was_ever_published":false,"footnotes":""},"categories":[18],"tags":[],"class_list":{"0":"post-776","1":"post","2":"type-post","3":"status-publish","4":"format-standard","5":"has-post-thumbnail","7":"category-la-section-audiovisuel-dans-les-medias"},"jetpack_featured_media_url":"https:\/\/av.arbeaumont.eu\/wp-content\/uploads\/2018\/05\/Reportage-4.jpg","jetpack_sharing_enabled":true,"jetpack_shortlink":"https:\/\/wp.me\/p8Dhaa-cw","jetpack_likes_enabled":true,"jetpack-related-posts":[{"id":1006,"url":"https:\/\/av.arbeaumont.eu\/index.php\/2017\/05\/11\/notre-webdocumentaire-sur-telesambre\/","url_meta":{"origin":776,"position":0},"title":"Notre webdocumentaire sur T\u00e9l\u00e9sambre","date":"11 mai 2017","format":false,"excerpt":"Lien vers le reportage de T\u00e9l\u00e9sambre","rel":"","context":"Dans &quot;La section audiovisuelle dans les m\u00e9dias&quot;","img":{"alt_text":"","src":"https:\/\/i0.wp.com\/av.arbeaumont.eu\/wp-content\/uploads\/2018\/06\/Capture-d\u2019\u00e9cran-2018-06-11-\u00e0-22.28.31.png?resize=350%2C200&ssl=1","width":350,"height":200},"classes":[]},{"id":3342,"url":"https:\/\/av.arbeaumont.eu\/index.php\/2026\/03\/14\/deux-de-nos-eleves-relevent-un-defi-lance-par-telesambre\/","url_meta":{"origin":776,"position":1},"title":"Deux de nos \u00e9l\u00e8ves rel\u00e8vent un d\u00e9fi lanc\u00e9 par T\u00e9l\u00e9sambre","date":"14 mars 2026","format":false,"excerpt":"R\u00e9aliser un reportage professionnel pour l'\u00e9mission des Correspondants locaux. Le d\u00e9fi n'est pas simple mais d'embl\u00e9e, deux \u00e9l\u00e8ves acceptent de se lancer dans l'exp\u00e9rience. Ils doivent trouver un reportage d'actualit\u00e9, prendre les contacts, aller sur le terrain, tourner eux-m\u00eames les images, monter la vid\u00e9o, \u00e9crire un commentaire, le lire et\u2026","rel":"","context":"Dans &quot;La section audiovisuelle dans les m\u00e9dias&quot;","img":{"alt_text":"","src":"https:\/\/i0.wp.com\/av.arbeaumont.eu\/wp-content\/uploads\/2026\/03\/Capture-decran-2026-03-14-a-17.00.32.jpg?resize=350%2C200&ssl=1","width":350,"height":200},"classes":[]},{"id":1679,"url":"https:\/\/av.arbeaumont.eu\/index.php\/2019\/10\/30\/telesambre-filme-le-tournage-de-notre-clip-a-solre-saint-gery\/","url_meta":{"origin":776,"position":2},"title":"T\u00e9l\u00e9sambre filme le tournage de notre clip \u00e0 Solre-Saint-G\u00e9ry","date":"30 octobre 2019","format":false,"excerpt":"https:\/\/www.telesambre.be\/des-enfants-de-solre-saint-gery-plonges-en-plein-moyen-age \u00a0 \u00a0","rel":"","context":"Dans &quot;La section audiovisuelle dans les m\u00e9dias&quot;","img":{"alt_text":"","src":"https:\/\/i0.wp.com\/av.arbeaumont.eu\/wp-content\/uploads\/2019\/10\/71111277_1140569266135253_3203576751301066752_o.jpg?resize=350%2C200&ssl=1","width":350,"height":200},"classes":[]},{"id":2846,"url":"https:\/\/av.arbeaumont.eu\/index.php\/2023\/02\/22\/ca-tourne-simone\/","url_meta":{"origin":776,"position":3},"title":"\u00c7a tourne Simone !","date":"22 f\u00e9vrier 2023","format":false,"excerpt":"D\u00e9couvrez le documentaire que T\u00e9l\u00e9sambre a consacr\u00e9 \u00e0 notre mini entreprise en 2023. 2O minutes pour tout savoir sur le projet, \u00e9couter les r\u00e9actions des \u00e9l\u00e8ves et des profs ainsi que la coordinatrice des Jeunes entreprises. https:\/\/www.telesambre.be\/c-decouvrir-ca-tourne-simone-l-athenee-de-beaumont?fbclid=IwAR243Nih8z3U7eLHDeotb6bwLBB8GOoyIgTsmYA5DLacXyymrxJKL5FEiXA","rel":"","context":"Dans &quot;\u00c7a tourne Simone!&quot;","img":{"alt_text":"","src":"https:\/\/i0.wp.com\/av.arbeaumont.eu\/wp-content\/uploads\/2023\/02\/Capture-decran-2023-02-19-a-16.01.56.jpg?resize=350%2C200&ssl=1","width":350,"height":200},"classes":[]},{"id":503,"url":"https:\/\/av.arbeaumont.eu\/index.php\/2017\/12\/17\/jogging-de-lathenee\/","url_meta":{"origin":776,"position":4},"title":"Jogging de l&rsquo;ath\u00e9n\u00e9e","date":"17 d\u00e9cembre 2017","format":false,"excerpt":"Toute la section audiovisuelle sur le pont! Vous n'avez pas pu les rater, les \u00e9l\u00e8ves de la section audiovisuelle \u00e9taient partout lors du jogging de l'ath\u00e9n\u00e9e. \u00a0A l'affut pour prendre des photos, saisir les plus belles \u00e9motions, enregistrer vos r\u00e9actions ou encore r\u00e9aliser des reportages. \u00a0L'approche des examens ne leur\u2026","rel":"","context":"Dans &quot;Photos&quot;","img":{"alt_text":"","src":"https:\/\/i0.wp.com\/av.arbeaumont.eu\/wp-content\/uploads\/2017\/12\/Equipe-2-18.jpg?resize=350%2C200&ssl=1","width":350,"height":200},"classes":[]},{"id":2591,"url":"https:\/\/av.arbeaumont.eu\/index.php\/2022\/01\/08\/house-system\/","url_meta":{"origin":776,"position":5},"title":"House system","date":"8 janvier 2022","format":false,"excerpt":"R\u00e9partir les \u00e9l\u00e8ves en maisons comme chez Harry Potter et vivre des d\u00e9fis toute l'ann\u00e9e dans l'objectif d'am\u00e9liorer la pratique des langues, c'est le principe du House system. Reportage en immersion avec Dorian Charles et Laura Menten. https:\/\/youtu.be\/qAvRkwrMg_o","rel":"","context":"Dans &quot;Reportages&quot;","img":{"alt_text":"","src":"https:\/\/i0.wp.com\/av.arbeaumont.eu\/wp-content\/uploads\/2022\/01\/Capture-decran-2022-01-08-a-14.01.49.png?resize=350%2C200&ssl=1","width":350,"height":200},"classes":[]}],"amp_enabled":true,"_links":{"self":[{"href":"https:\/\/av.arbeaumont.eu\/index.php\/wp-json\/wp\/v2\/posts\/776","targetHints":{"allow":["GET"]}}],"collection":[{"href":"https:\/\/av.arbeaumont.eu\/index.php\/wp-json\/wp\/v2\/posts"}],"about":[{"href":"https:\/\/av.arbeaumont.eu\/index.php\/wp-json\/wp\/v2\/types\/post"}],"author":[{"embeddable":true,"href":"https:\/\/av.arbeaumont.eu\/index.php\/wp-json\/wp\/v2\/users\/1"}],"replies":[{"embeddable":true,"href":"https:\/\/av.arbeaumont.eu\/index.php\/wp-json\/wp\/v2\/comments?post=776"}],"version-history":[{"count":6,"href":"https:\/\/av.arbeaumont.eu\/index.php\/wp-json\/wp\/v2\/posts\/776\/revisions"}],"predecessor-version":[{"id":944,"href":"https:\/\/av.arbeaumont.eu\/index.php\/wp-json\/wp\/v2\/posts\/776\/revisions\/944"}],"wp:featuredmedia":[{"embeddable":true,"href":"https:\/\/av.arbeaumont.eu\/index.php\/wp-json\/wp\/v2\/media\/779"}],"wp:attachment":[{"href":"https:\/\/av.arbeaumont.eu\/index.php\/wp-json\/wp\/v2\/media?parent=776"}],"wp:term":[{"taxonomy":"category","embeddable":true,"href":"https:\/\/av.arbeaumont.eu\/index.php\/wp-json\/wp\/v2\/categories?post=776"},{"taxonomy":"post_tag","embeddable":true,"href":"https:\/\/av.arbeaumont.eu\/index.php\/wp-json\/wp\/v2\/tags?post=776"}],"curies":[{"name":"wp","href":"https:\/\/api.w.org\/{rel}","templated":true}]}}