{"id":799,"date":"2018-06-11T22:43:19","date_gmt":"2018-06-11T20:43:19","guid":{"rendered":"https:\/\/av.arbeaumont.eu\/?p=799"},"modified":"2023-03-12T13:20:18","modified_gmt":"2023-03-12T12:20:18","slug":"la-distillerie-de-biercee","status":"publish","type":"post","link":"https:\/\/av.arbeaumont.eu\/index.php\/2018\/06\/11\/la-distillerie-de-biercee\/","title":{"rendered":"MAGNIFIQUE DISTILLERIE DE BIERCEE"},"content":{"rendered":"<h4><strong>La distillerie de Bierc\u00e9e est un endroit tr\u00e8s chouette o\u00f9 les gens sont tr\u00e8s sympathiques et conviviaux. B\u00e9n\u00e9dicte Soupart, responsable du tourisme \u00e0 la distillerie nous emm\u00e8ne faire une petite viste guid\u00e9e.<\/strong><\/h4>\n<p>Propos recueillis par Jean-Christophe Bayot, \u00e9l\u00e8ve de 3e audiovisuel.<\/p>\n<p><img loading=\"lazy\" decoding=\"async\" data-attachment-id=\"820\" data-permalink=\"https:\/\/av.arbeaumont.eu\/index.php\/2018\/06\/11\/la-distillerie-de-biercee\/vendeuse\/\" data-orig-file=\"https:\/\/av.arbeaumont.eu\/wp-content\/uploads\/2018\/06\/vendeuse.jpg\" data-orig-size=\"2048,1365\" data-comments-opened=\"1\" data-image-meta=\"{&quot;aperture&quot;:&quot;0&quot;,&quot;credit&quot;:&quot;&quot;,&quot;camera&quot;:&quot;&quot;,&quot;caption&quot;:&quot;&quot;,&quot;created_timestamp&quot;:&quot;1524920989&quot;,&quot;copyright&quot;:&quot;&quot;,&quot;focal_length&quot;:&quot;0&quot;,&quot;iso&quot;:&quot;0&quot;,&quot;shutter_speed&quot;:&quot;0&quot;,&quot;title&quot;:&quot;&quot;,&quot;orientation&quot;:&quot;0&quot;}\" data-image-title=\"vendeuse\" data-image-description=\"\" data-image-caption=\"\" data-medium-file=\"https:\/\/av.arbeaumont.eu\/wp-content\/uploads\/2018\/06\/vendeuse-300x200.jpg\" data-large-file=\"https:\/\/av.arbeaumont.eu\/wp-content\/uploads\/2018\/06\/vendeuse-1024x683.jpg\" class=\" td-modal-image alignleft wp-image-820 size-medium\" src=\"https:\/\/av.arbeaumont.eu\/wp-content\/uploads\/2018\/06\/vendeuse-300x200.jpg\" alt=\"\" width=\"300\" height=\"200\" srcset=\"https:\/\/av.arbeaumont.eu\/wp-content\/uploads\/2018\/06\/vendeuse-300x200.jpg 300w, https:\/\/av.arbeaumont.eu\/wp-content\/uploads\/2018\/06\/vendeuse-768x512.jpg 768w, https:\/\/av.arbeaumont.eu\/wp-content\/uploads\/2018\/06\/vendeuse-1024x683.jpg 1024w, https:\/\/av.arbeaumont.eu\/wp-content\/uploads\/2018\/06\/vendeuse-696x464.jpg 696w, https:\/\/av.arbeaumont.eu\/wp-content\/uploads\/2018\/06\/vendeuse-1068x712.jpg 1068w, https:\/\/av.arbeaumont.eu\/wp-content\/uploads\/2018\/06\/vendeuse-630x420.jpg 630w, https:\/\/av.arbeaumont.eu\/wp-content\/uploads\/2018\/06\/vendeuse.jpg 2048w\" sizes=\"auto, (max-width: 300px) 100vw, 300px\" \/><\/p>\n<p><strong>Combien de personnes travaillent \u00e0 la fabrication des produits ?<\/strong><\/p>\n<p>Il y a 3 personnes&nbsp;: un ma\u00eetre distillateur et 2 embouteilleurs.&nbsp; &nbsp;Pour toute la soci\u00e9t\u00e9, nous sommes onze.<\/p>\n<p><strong>Quand le magasin ouvre-t-il&nbsp;?<br \/>\n<\/strong>Le magasin est ouvert toute l&rsquo;ann\u00e9e, du lundi au vendredi pendant les heures de bureau et le week-end pendant les apr\u00e8s-midis.<\/p>\n<p><strong>Quel est votre produit phare&nbsp;?<br \/>\n<\/strong>L&rsquo;eau de Vill\u00e9e, liqueur digestive \u00e0 base de citron qui fait 40% de volume d&rsquo;alcool.<\/p>\n<p><img loading=\"lazy\" decoding=\"async\" data-attachment-id=\"818\" data-permalink=\"https:\/\/av.arbeaumont.eu\/index.php\/2018\/06\/11\/la-distillerie-de-biercee\/plus-vendus\/\" data-orig-file=\"https:\/\/av.arbeaumont.eu\/wp-content\/uploads\/2018\/06\/plus-vendus.jpg\" data-orig-size=\"2048,1327\" data-comments-opened=\"1\" data-image-meta=\"{&quot;aperture&quot;:&quot;0&quot;,&quot;credit&quot;:&quot;&quot;,&quot;camera&quot;:&quot;&quot;,&quot;caption&quot;:&quot;&quot;,&quot;created_timestamp&quot;:&quot;1525527220&quot;,&quot;copyright&quot;:&quot;&quot;,&quot;focal_length&quot;:&quot;0&quot;,&quot;iso&quot;:&quot;0&quot;,&quot;shutter_speed&quot;:&quot;0&quot;,&quot;title&quot;:&quot;&quot;,&quot;orientation&quot;:&quot;0&quot;}\" data-image-title=\"plus vendus\" data-image-description=\"\" data-image-caption=\"\" data-medium-file=\"https:\/\/av.arbeaumont.eu\/wp-content\/uploads\/2018\/06\/plus-vendus-300x194.jpg\" data-large-file=\"https:\/\/av.arbeaumont.eu\/wp-content\/uploads\/2018\/06\/plus-vendus-1024x663.jpg\" class=\" td-modal-image alignright wp-image-818 size-medium\" src=\"https:\/\/av.arbeaumont.eu\/wp-content\/uploads\/2018\/06\/plus-vendus-300x194.jpg\" alt=\"\" width=\"300\" height=\"194\" srcset=\"https:\/\/av.arbeaumont.eu\/wp-content\/uploads\/2018\/06\/plus-vendus-300x194.jpg 300w, https:\/\/av.arbeaumont.eu\/wp-content\/uploads\/2018\/06\/plus-vendus-768x498.jpg 768w, https:\/\/av.arbeaumont.eu\/wp-content\/uploads\/2018\/06\/plus-vendus-1024x663.jpg 1024w, https:\/\/av.arbeaumont.eu\/wp-content\/uploads\/2018\/06\/plus-vendus-696x451.jpg 696w, https:\/\/av.arbeaumont.eu\/wp-content\/uploads\/2018\/06\/plus-vendus-1068x692.jpg 1068w, https:\/\/av.arbeaumont.eu\/wp-content\/uploads\/2018\/06\/plus-vendus-648x420.jpg 648w, https:\/\/av.arbeaumont.eu\/wp-content\/uploads\/2018\/06\/plus-vendus.jpg 2048w\" sizes=\"auto, (max-width: 300px) 100vw, 300px\" \/><\/p>\n<p><strong>Quel est son processus de fabrication&nbsp;?<br \/>\n<\/strong>Pour commencer, une mac\u00e9ration de citron pendant 4 semaines. Puis, on va la distiller pour obtenir une eau de vie de citron \u00e0 70% qui se reposera ensuite + ou &#8211;&nbsp; 6 mois et enfin on termine par la mise en bouteille.<\/p>\n<p><strong>Combien de sortes d\u2019alcools vendez-vous ?<br \/>\n<\/strong>Nous vendons + ou \u2013 &nbsp;30 produits diff\u00e9rents.<\/p>\n<p><strong>Combien produisez-vous d&rsquo;alcool par an&nbsp;?<br \/>\n<\/strong>Nous produisons 150.000 bouteilles par an.<\/p>\n<p><strong><img loading=\"lazy\" decoding=\"async\" data-attachment-id=\"810\" data-permalink=\"https:\/\/av.arbeaumont.eu\/index.php\/2018\/06\/11\/la-distillerie-de-biercee\/machine-3\/\" data-orig-file=\"https:\/\/av.arbeaumont.eu\/wp-content\/uploads\/2018\/06\/machine-3.jpg\" data-orig-size=\"2048,1365\" data-comments-opened=\"1\" data-image-meta=\"{&quot;aperture&quot;:&quot;0&quot;,&quot;credit&quot;:&quot;&quot;,&quot;camera&quot;:&quot;&quot;,&quot;caption&quot;:&quot;&quot;,&quot;created_timestamp&quot;:&quot;1524916501&quot;,&quot;copyright&quot;:&quot;&quot;,&quot;focal_length&quot;:&quot;0&quot;,&quot;iso&quot;:&quot;0&quot;,&quot;shutter_speed&quot;:&quot;0&quot;,&quot;title&quot;:&quot;&quot;,&quot;orientation&quot;:&quot;0&quot;}\" data-image-title=\"machine 3\" data-image-description=\"\" data-image-caption=\"\" data-medium-file=\"https:\/\/av.arbeaumont.eu\/wp-content\/uploads\/2018\/06\/machine-3-300x200.jpg\" data-large-file=\"https:\/\/av.arbeaumont.eu\/wp-content\/uploads\/2018\/06\/machine-3-1024x683.jpg\" class=\" td-modal-image alignleft wp-image-810 size-medium\" src=\"https:\/\/av.arbeaumont.eu\/wp-content\/uploads\/2018\/06\/machine-3-300x200.jpg\" alt=\"\" width=\"300\" height=\"200\" srcset=\"https:\/\/av.arbeaumont.eu\/wp-content\/uploads\/2018\/06\/machine-3-300x200.jpg 300w, https:\/\/av.arbeaumont.eu\/wp-content\/uploads\/2018\/06\/machine-3-768x512.jpg 768w, https:\/\/av.arbeaumont.eu\/wp-content\/uploads\/2018\/06\/machine-3-1024x683.jpg 1024w, https:\/\/av.arbeaumont.eu\/wp-content\/uploads\/2018\/06\/machine-3-696x464.jpg 696w, https:\/\/av.arbeaumont.eu\/wp-content\/uploads\/2018\/06\/machine-3-1068x712.jpg 1068w, https:\/\/av.arbeaumont.eu\/wp-content\/uploads\/2018\/06\/machine-3-630x420.jpg 630w, https:\/\/av.arbeaumont.eu\/wp-content\/uploads\/2018\/06\/machine-3.jpg 2048w\" sizes=\"auto, (max-width: 300px) 100vw, 300px\" \/><\/strong><strong>Quand l&rsquo;entreprise est-elle n\u00e9e&nbsp;?<br \/>\n<\/strong>La distillerie est n\u00e9e en 1946.<\/p>\n<p><strong>Quelle est l&rsquo;histoire de l&rsquo;entreprise&nbsp;?<br \/>\n<\/strong>En 1946, il y avait beaucoup de vergers dans la r\u00e9gion, un normand est pass\u00e9 par ici pour rendre visite \u00e0 sa famille. Il s&rsquo;est aper\u00e7u qu&rsquo;il y avait beaucoup de fruits qui pourrissaient dans les vergers et il a d\u00e9cid\u00e9 de reprendre les fruits pourris et de les transformer en eau de vie.<\/p>\n<p><strong>O\u00f9 se trouve l&rsquo;entreprise&nbsp;?<br \/>\n<\/strong>La distillerie de Bierc\u00e9e se trouve dans la commune de Thuin, dans le village de Ragnies.<\/p>\n<p><strong>Combien avez-vous de magasins&nbsp;?<br \/>\n<\/strong>Nous n\u2019avons qu&rsquo;un seul magasin mais nous avons \u00e9norm\u00e9ment de revendeurs r\u00e9partis sur la Wallonie et la Flandre.<\/p>\n<p><strong>Quelles sont vos installations&nbsp;?<br \/>\n<\/strong>Nous avons 4 alambics.<\/p>\n<p><img loading=\"lazy\" decoding=\"async\" data-attachment-id=\"808\" data-permalink=\"https:\/\/av.arbeaumont.eu\/index.php\/2018\/06\/11\/la-distillerie-de-biercee\/distillerie\/\" data-orig-file=\"https:\/\/av.arbeaumont.eu\/wp-content\/uploads\/2018\/06\/distillerie.jpg\" data-orig-size=\"2048,1365\" data-comments-opened=\"1\" data-image-meta=\"{&quot;aperture&quot;:&quot;0&quot;,&quot;credit&quot;:&quot;&quot;,&quot;camera&quot;:&quot;&quot;,&quot;caption&quot;:&quot;&quot;,&quot;created_timestamp&quot;:&quot;1524917881&quot;,&quot;copyright&quot;:&quot;&quot;,&quot;focal_length&quot;:&quot;0&quot;,&quot;iso&quot;:&quot;0&quot;,&quot;shutter_speed&quot;:&quot;0&quot;,&quot;title&quot;:&quot;&quot;,&quot;orientation&quot;:&quot;0&quot;}\" data-image-title=\"distillerie\" data-image-description=\"\" data-image-caption=\"\" data-medium-file=\"https:\/\/av.arbeaumont.eu\/wp-content\/uploads\/2018\/06\/distillerie-300x200.jpg\" data-large-file=\"https:\/\/av.arbeaumont.eu\/wp-content\/uploads\/2018\/06\/distillerie-1024x683.jpg\" class=\" td-modal-image aligncenter wp-image-808 size-large\" src=\"https:\/\/av.arbeaumont.eu\/wp-content\/uploads\/2018\/06\/distillerie-1024x683.jpg\" alt=\"\" width=\"696\" height=\"464\" srcset=\"https:\/\/av.arbeaumont.eu\/wp-content\/uploads\/2018\/06\/distillerie-1024x683.jpg 1024w, https:\/\/av.arbeaumont.eu\/wp-content\/uploads\/2018\/06\/distillerie-300x200.jpg 300w, https:\/\/av.arbeaumont.eu\/wp-content\/uploads\/2018\/06\/distillerie-768x512.jpg 768w, https:\/\/av.arbeaumont.eu\/wp-content\/uploads\/2018\/06\/distillerie-696x464.jpg 696w, https:\/\/av.arbeaumont.eu\/wp-content\/uploads\/2018\/06\/distillerie-1068x712.jpg 1068w, https:\/\/av.arbeaumont.eu\/wp-content\/uploads\/2018\/06\/distillerie-630x420.jpg 630w, https:\/\/av.arbeaumont.eu\/wp-content\/uploads\/2018\/06\/distillerie.jpg 2048w\" sizes=\"auto, (max-width: 696px) 100vw, 696px\" \/><\/p>\n<p><strong>Quel est le produit le plus alcoolis\u00e9 que vous vendez&nbsp;?<br \/>\n<\/strong>Il y en a plusieurs. Les plus forts sont les alcools \u00e0 45% comme la vieille pomme, le gratte-cul, le c\u00e9leri vert et la baie de houx sauvage.<\/p>\n<p><strong>Quand recevez-vous les mati\u00e8res premi\u00e8res&nbsp;?<br \/>\n<\/strong>On travaille un peu par saison car on d\u00e9pend de l\u2019arrivage des fruits frais et on commence toujours la saison par le mois de f\u00e9vrier, mars pour les citrons.<\/p>\n<p><strong>Peut-on faire une visite de l&rsquo;entreprise&nbsp;?<br \/>\n<\/strong>Il y a des visites guid\u00e9es individuelles, du jeudi au dimanche \u00e0 15h sans r\u00e9servation et pour les groupes, c\u2019est toute l&rsquo;ann\u00e9e.<\/p>\n<p><img loading=\"lazy\" decoding=\"async\" data-attachment-id=\"814\" data-permalink=\"https:\/\/av.arbeaumont.eu\/index.php\/2018\/06\/11\/la-distillerie-de-biercee\/machines\/\" data-orig-file=\"https:\/\/av.arbeaumont.eu\/wp-content\/uploads\/2018\/06\/machines.jpg\" data-orig-size=\"2048,1522\" data-comments-opened=\"1\" data-image-meta=\"{&quot;aperture&quot;:&quot;0&quot;,&quot;credit&quot;:&quot;&quot;,&quot;camera&quot;:&quot;&quot;,&quot;caption&quot;:&quot;&quot;,&quot;created_timestamp&quot;:&quot;1524918054&quot;,&quot;copyright&quot;:&quot;&quot;,&quot;focal_length&quot;:&quot;0&quot;,&quot;iso&quot;:&quot;0&quot;,&quot;shutter_speed&quot;:&quot;0&quot;,&quot;title&quot;:&quot;&quot;,&quot;orientation&quot;:&quot;0&quot;}\" data-image-title=\"machines\" data-image-description=\"\" data-image-caption=\"\" data-medium-file=\"https:\/\/av.arbeaumont.eu\/wp-content\/uploads\/2018\/06\/machines-300x223.jpg\" data-large-file=\"https:\/\/av.arbeaumont.eu\/wp-content\/uploads\/2018\/06\/machines-1024x761.jpg\" class=\" td-modal-image alignnone wp-image-814 size-medium\" src=\"https:\/\/av.arbeaumont.eu\/wp-content\/uploads\/2018\/06\/machines-300x223.jpg\" alt=\"\" width=\"300\" height=\"223\" srcset=\"https:\/\/av.arbeaumont.eu\/wp-content\/uploads\/2018\/06\/machines-300x223.jpg 300w, https:\/\/av.arbeaumont.eu\/wp-content\/uploads\/2018\/06\/machines-768x571.jpg 768w, https:\/\/av.arbeaumont.eu\/wp-content\/uploads\/2018\/06\/machines-1024x761.jpg 1024w, https:\/\/av.arbeaumont.eu\/wp-content\/uploads\/2018\/06\/machines-80x60.jpg 80w, https:\/\/av.arbeaumont.eu\/wp-content\/uploads\/2018\/06\/machines-265x198.jpg 265w, https:\/\/av.arbeaumont.eu\/wp-content\/uploads\/2018\/06\/machines-696x517.jpg 696w, https:\/\/av.arbeaumont.eu\/wp-content\/uploads\/2018\/06\/machines-1068x794.jpg 1068w, https:\/\/av.arbeaumont.eu\/wp-content\/uploads\/2018\/06\/machines-565x420.jpg 565w, https:\/\/av.arbeaumont.eu\/wp-content\/uploads\/2018\/06\/machines.jpg 2048w\" sizes=\"auto, (max-width: 300px) 100vw, 300px\" \/> <img loading=\"lazy\" decoding=\"async\" data-attachment-id=\"817\" data-permalink=\"https:\/\/av.arbeaumont.eu\/index.php\/2018\/06\/11\/la-distillerie-de-biercee\/plante\/\" data-orig-file=\"https:\/\/av.arbeaumont.eu\/wp-content\/uploads\/2018\/06\/plante.jpg\" data-orig-size=\"2048,1365\" data-comments-opened=\"1\" data-image-meta=\"{&quot;aperture&quot;:&quot;0&quot;,&quot;credit&quot;:&quot;&quot;,&quot;camera&quot;:&quot;&quot;,&quot;caption&quot;:&quot;&quot;,&quot;created_timestamp&quot;:&quot;1524916768&quot;,&quot;copyright&quot;:&quot;&quot;,&quot;focal_length&quot;:&quot;0&quot;,&quot;iso&quot;:&quot;0&quot;,&quot;shutter_speed&quot;:&quot;0&quot;,&quot;title&quot;:&quot;&quot;,&quot;orientation&quot;:&quot;0&quot;}\" data-image-title=\"plante\" data-image-description=\"\" data-image-caption=\"\" data-medium-file=\"https:\/\/av.arbeaumont.eu\/wp-content\/uploads\/2018\/06\/plante-300x200.jpg\" data-large-file=\"https:\/\/av.arbeaumont.eu\/wp-content\/uploads\/2018\/06\/plante-1024x683.jpg\" class=\" td-modal-image alignnone wp-image-817\" src=\"https:\/\/av.arbeaumont.eu\/wp-content\/uploads\/2018\/06\/plante-300x200.jpg\" alt=\"\" width=\"334\" height=\"222\" srcset=\"https:\/\/av.arbeaumont.eu\/wp-content\/uploads\/2018\/06\/plante-300x200.jpg 300w, https:\/\/av.arbeaumont.eu\/wp-content\/uploads\/2018\/06\/plante-768x512.jpg 768w, https:\/\/av.arbeaumont.eu\/wp-content\/uploads\/2018\/06\/plante-1024x683.jpg 1024w, https:\/\/av.arbeaumont.eu\/wp-content\/uploads\/2018\/06\/plante-696x464.jpg 696w, https:\/\/av.arbeaumont.eu\/wp-content\/uploads\/2018\/06\/plante-1068x712.jpg 1068w, https:\/\/av.arbeaumont.eu\/wp-content\/uploads\/2018\/06\/plante-630x420.jpg 630w, https:\/\/av.arbeaumont.eu\/wp-content\/uploads\/2018\/06\/plante.jpg 2048w\" sizes=\"auto, (max-width: 334px) 100vw, 334px\" \/> <img loading=\"lazy\" decoding=\"async\" data-attachment-id=\"805\" data-permalink=\"https:\/\/av.arbeaumont.eu\/index.php\/2018\/06\/11\/la-distillerie-de-biercee\/cave\/\" data-orig-file=\"https:\/\/av.arbeaumont.eu\/wp-content\/uploads\/2018\/06\/cave.jpg\" data-orig-size=\"2048,1533\" data-comments-opened=\"1\" data-image-meta=\"{&quot;aperture&quot;:&quot;0&quot;,&quot;credit&quot;:&quot;&quot;,&quot;camera&quot;:&quot;&quot;,&quot;caption&quot;:&quot;&quot;,&quot;created_timestamp&quot;:&quot;1525525702&quot;,&quot;copyright&quot;:&quot;&quot;,&quot;focal_length&quot;:&quot;0&quot;,&quot;iso&quot;:&quot;0&quot;,&quot;shutter_speed&quot;:&quot;0&quot;,&quot;title&quot;:&quot;&quot;,&quot;orientation&quot;:&quot;0&quot;}\" data-image-title=\"cave\" data-image-description=\"\" data-image-caption=\"\" data-medium-file=\"https:\/\/av.arbeaumont.eu\/wp-content\/uploads\/2018\/06\/cave-300x224.jpg\" data-large-file=\"https:\/\/av.arbeaumont.eu\/wp-content\/uploads\/2018\/06\/cave-1024x766.jpg\" class=\" td-modal-image alignnone wp-image-805 size-medium\" src=\"https:\/\/av.arbeaumont.eu\/wp-content\/uploads\/2018\/06\/cave-300x224.jpg\" alt=\"\" width=\"300\" height=\"224\" srcset=\"https:\/\/av.arbeaumont.eu\/wp-content\/uploads\/2018\/06\/cave-300x224.jpg 300w, https:\/\/av.arbeaumont.eu\/wp-content\/uploads\/2018\/06\/cave-768x575.jpg 768w, https:\/\/av.arbeaumont.eu\/wp-content\/uploads\/2018\/06\/cave-1024x766.jpg 1024w, https:\/\/av.arbeaumont.eu\/wp-content\/uploads\/2018\/06\/cave-80x60.jpg 80w, https:\/\/av.arbeaumont.eu\/wp-content\/uploads\/2018\/06\/cave-265x198.jpg 265w, https:\/\/av.arbeaumont.eu\/wp-content\/uploads\/2018\/06\/cave-696x521.jpg 696w, https:\/\/av.arbeaumont.eu\/wp-content\/uploads\/2018\/06\/cave-1068x799.jpg 1068w, https:\/\/av.arbeaumont.eu\/wp-content\/uploads\/2018\/06\/cave-561x420.jpg 561w, https:\/\/av.arbeaumont.eu\/wp-content\/uploads\/2018\/06\/cave.jpg 2048w\" sizes=\"auto, (max-width: 300px) 100vw, 300px\" \/> <img loading=\"lazy\" decoding=\"async\" data-attachment-id=\"806\" data-permalink=\"https:\/\/av.arbeaumont.eu\/index.php\/2018\/06\/11\/la-distillerie-de-biercee\/distillerie-2\/\" data-orig-file=\"https:\/\/av.arbeaumont.eu\/wp-content\/uploads\/2018\/06\/distillerie-2.jpg\" data-orig-size=\"2048,1365\" data-comments-opened=\"1\" data-image-meta=\"{&quot;aperture&quot;:&quot;0&quot;,&quot;credit&quot;:&quot;&quot;,&quot;camera&quot;:&quot;&quot;,&quot;caption&quot;:&quot;&quot;,&quot;created_timestamp&quot;:&quot;1524917948&quot;,&quot;copyright&quot;:&quot;&quot;,&quot;focal_length&quot;:&quot;0&quot;,&quot;iso&quot;:&quot;0&quot;,&quot;shutter_speed&quot;:&quot;0&quot;,&quot;title&quot;:&quot;&quot;,&quot;orientation&quot;:&quot;0&quot;}\" data-image-title=\"distillerie 2\" data-image-description=\"\" data-image-caption=\"\" data-medium-file=\"https:\/\/av.arbeaumont.eu\/wp-content\/uploads\/2018\/06\/distillerie-2-300x200.jpg\" data-large-file=\"https:\/\/av.arbeaumont.eu\/wp-content\/uploads\/2018\/06\/distillerie-2-1024x683.jpg\" class=\" td-modal-image alignnone wp-image-806\" src=\"https:\/\/av.arbeaumont.eu\/wp-content\/uploads\/2018\/06\/distillerie-2-300x200.jpg\" alt=\"\" width=\"333\" height=\"222\" srcset=\"https:\/\/av.arbeaumont.eu\/wp-content\/uploads\/2018\/06\/distillerie-2-300x200.jpg 300w, https:\/\/av.arbeaumont.eu\/wp-content\/uploads\/2018\/06\/distillerie-2-768x512.jpg 768w, https:\/\/av.arbeaumont.eu\/wp-content\/uploads\/2018\/06\/distillerie-2-1024x683.jpg 1024w, https:\/\/av.arbeaumont.eu\/wp-content\/uploads\/2018\/06\/distillerie-2-696x464.jpg 696w, https:\/\/av.arbeaumont.eu\/wp-content\/uploads\/2018\/06\/distillerie-2-1068x712.jpg 1068w, https:\/\/av.arbeaumont.eu\/wp-content\/uploads\/2018\/06\/distillerie-2-630x420.jpg 630w, https:\/\/av.arbeaumont.eu\/wp-content\/uploads\/2018\/06\/distillerie-2.jpg 2048w\" sizes=\"auto, (max-width: 333px) 100vw, 333px\" \/> <img loading=\"lazy\" decoding=\"async\" data-attachment-id=\"803\" data-permalink=\"https:\/\/av.arbeaumont.eu\/index.php\/2018\/06\/11\/la-distillerie-de-biercee\/bouteil\/\" data-orig-file=\"https:\/\/av.arbeaumont.eu\/wp-content\/uploads\/2018\/06\/bouteil.jpg\" data-orig-size=\"2048,1365\" data-comments-opened=\"1\" data-image-meta=\"{&quot;aperture&quot;:&quot;0&quot;,&quot;credit&quot;:&quot;&quot;,&quot;camera&quot;:&quot;&quot;,&quot;caption&quot;:&quot;&quot;,&quot;created_timestamp&quot;:&quot;1525525843&quot;,&quot;copyright&quot;:&quot;&quot;,&quot;focal_length&quot;:&quot;0&quot;,&quot;iso&quot;:&quot;0&quot;,&quot;shutter_speed&quot;:&quot;0&quot;,&quot;title&quot;:&quot;&quot;,&quot;orientation&quot;:&quot;0&quot;}\" data-image-title=\"bouteil\" data-image-description=\"\" data-image-caption=\"\" data-medium-file=\"https:\/\/av.arbeaumont.eu\/wp-content\/uploads\/2018\/06\/bouteil-300x200.jpg\" data-large-file=\"https:\/\/av.arbeaumont.eu\/wp-content\/uploads\/2018\/06\/bouteil-1024x683.jpg\" class=\" td-modal-image aligncenter wp-image-803\" src=\"https:\/\/av.arbeaumont.eu\/wp-content\/uploads\/2018\/06\/bouteil-300x200.jpg\" alt=\"\" width=\"335\" height=\"223\" srcset=\"https:\/\/av.arbeaumont.eu\/wp-content\/uploads\/2018\/06\/bouteil-300x200.jpg 300w, https:\/\/av.arbeaumont.eu\/wp-content\/uploads\/2018\/06\/bouteil-768x512.jpg 768w, https:\/\/av.arbeaumont.eu\/wp-content\/uploads\/2018\/06\/bouteil-1024x683.jpg 1024w, https:\/\/av.arbeaumont.eu\/wp-content\/uploads\/2018\/06\/bouteil-696x464.jpg 696w, https:\/\/av.arbeaumont.eu\/wp-content\/uploads\/2018\/06\/bouteil-1068x712.jpg 1068w, https:\/\/av.arbeaumont.eu\/wp-content\/uploads\/2018\/06\/bouteil-630x420.jpg 630w, https:\/\/av.arbeaumont.eu\/wp-content\/uploads\/2018\/06\/bouteil.jpg 2048w\" sizes=\"auto, (max-width: 335px) 100vw, 335px\" \/><\/p>\n<p><strong>Combien de temps prend une visite g\u00e9n\u00e9ralement&nbsp;?<br \/>\n<\/strong>La visite dure une heure et est poursuivie d&rsquo;une petite d\u00e9gustation.<\/p>\n<p><strong>Quel est le meilleur moyen de d\u00e9guster l&rsquo;eau de Vill\u00e9e&nbsp;?<br \/>\n<\/strong>Au cong\u00e9lateur, elle doit \u00eatre servie apr\u00e8s 20 minutes pour lib\u00e9rer toutes les saveurs du citron.<\/p>\n<p><strong>Quel est votre dernier produit fabriqu\u00e9&nbsp;?<br \/>\n<\/strong>Notre dernier produit est le Vermout.<\/p>\n<p><strong>Est-ce que vous prenez des \u00e9tudiants&nbsp;?<br \/>\n<\/strong>On engage des \u00e9tudiants toute l&rsquo;ann\u00e9e, le week-end, les jours f\u00e9ri\u00e9s et les vacances.<\/p>\n<p><strong>Que peut-on faire \u00e0 la distillerie&nbsp;?<br \/>\n<\/strong>On peut soit visiter, acheter les produits, venir boire un verre ou manger. Nous avons \u00e9galement des salles de r\u00e9ceptions pour les f\u00eates.<\/p>\n<p><img loading=\"lazy\" decoding=\"async\" data-attachment-id=\"813\" data-permalink=\"https:\/\/av.arbeaumont.eu\/index.php\/2018\/06\/11\/la-distillerie-de-biercee\/machine\/\" data-orig-file=\"https:\/\/av.arbeaumont.eu\/wp-content\/uploads\/2018\/06\/machine.jpg\" data-orig-size=\"2048,1365\" data-comments-opened=\"1\" data-image-meta=\"{&quot;aperture&quot;:&quot;0&quot;,&quot;credit&quot;:&quot;&quot;,&quot;camera&quot;:&quot;&quot;,&quot;caption&quot;:&quot;&quot;,&quot;created_timestamp&quot;:&quot;1524916226&quot;,&quot;copyright&quot;:&quot;&quot;,&quot;focal_length&quot;:&quot;0&quot;,&quot;iso&quot;:&quot;0&quot;,&quot;shutter_speed&quot;:&quot;0&quot;,&quot;title&quot;:&quot;&quot;,&quot;orientation&quot;:&quot;0&quot;}\" data-image-title=\"machine\" data-image-description=\"\" data-image-caption=\"\" data-medium-file=\"https:\/\/av.arbeaumont.eu\/wp-content\/uploads\/2018\/06\/machine-300x200.jpg\" data-large-file=\"https:\/\/av.arbeaumont.eu\/wp-content\/uploads\/2018\/06\/machine-1024x683.jpg\" class=\" td-modal-image alignnone wp-image-813 size-medium\" src=\"https:\/\/av.arbeaumont.eu\/wp-content\/uploads\/2018\/06\/machine-300x200.jpg\" alt=\"\" width=\"300\" height=\"200\" srcset=\"https:\/\/av.arbeaumont.eu\/wp-content\/uploads\/2018\/06\/machine-300x200.jpg 300w, https:\/\/av.arbeaumont.eu\/wp-content\/uploads\/2018\/06\/machine-768x512.jpg 768w, https:\/\/av.arbeaumont.eu\/wp-content\/uploads\/2018\/06\/machine-1024x683.jpg 1024w, https:\/\/av.arbeaumont.eu\/wp-content\/uploads\/2018\/06\/machine-696x464.jpg 696w, https:\/\/av.arbeaumont.eu\/wp-content\/uploads\/2018\/06\/machine-1068x712.jpg 1068w, https:\/\/av.arbeaumont.eu\/wp-content\/uploads\/2018\/06\/machine-630x420.jpg 630w, https:\/\/av.arbeaumont.eu\/wp-content\/uploads\/2018\/06\/machine.jpg 2048w\" sizes=\"auto, (max-width: 300px) 100vw, 300px\" \/> <img loading=\"lazy\" decoding=\"async\" data-attachment-id=\"806\" data-permalink=\"https:\/\/av.arbeaumont.eu\/index.php\/2018\/06\/11\/la-distillerie-de-biercee\/distillerie-2\/\" data-orig-file=\"https:\/\/av.arbeaumont.eu\/wp-content\/uploads\/2018\/06\/distillerie-2.jpg\" data-orig-size=\"2048,1365\" data-comments-opened=\"1\" data-image-meta=\"{&quot;aperture&quot;:&quot;0&quot;,&quot;credit&quot;:&quot;&quot;,&quot;camera&quot;:&quot;&quot;,&quot;caption&quot;:&quot;&quot;,&quot;created_timestamp&quot;:&quot;1524917948&quot;,&quot;copyright&quot;:&quot;&quot;,&quot;focal_length&quot;:&quot;0&quot;,&quot;iso&quot;:&quot;0&quot;,&quot;shutter_speed&quot;:&quot;0&quot;,&quot;title&quot;:&quot;&quot;,&quot;orientation&quot;:&quot;0&quot;}\" data-image-title=\"distillerie 2\" data-image-description=\"\" data-image-caption=\"\" data-medium-file=\"https:\/\/av.arbeaumont.eu\/wp-content\/uploads\/2018\/06\/distillerie-2-300x200.jpg\" data-large-file=\"https:\/\/av.arbeaumont.eu\/wp-content\/uploads\/2018\/06\/distillerie-2-1024x683.jpg\" class=\" td-modal-image alignnone wp-image-806 size-medium\" src=\"https:\/\/av.arbeaumont.eu\/wp-content\/uploads\/2018\/06\/distillerie-2-300x200.jpg\" alt=\"\" width=\"300\" height=\"200\" srcset=\"https:\/\/av.arbeaumont.eu\/wp-content\/uploads\/2018\/06\/distillerie-2-300x200.jpg 300w, https:\/\/av.arbeaumont.eu\/wp-content\/uploads\/2018\/06\/distillerie-2-768x512.jpg 768w, https:\/\/av.arbeaumont.eu\/wp-content\/uploads\/2018\/06\/distillerie-2-1024x683.jpg 1024w, https:\/\/av.arbeaumont.eu\/wp-content\/uploads\/2018\/06\/distillerie-2-696x464.jpg 696w, https:\/\/av.arbeaumont.eu\/wp-content\/uploads\/2018\/06\/distillerie-2-1068x712.jpg 1068w, https:\/\/av.arbeaumont.eu\/wp-content\/uploads\/2018\/06\/distillerie-2-630x420.jpg 630w, https:\/\/av.arbeaumont.eu\/wp-content\/uploads\/2018\/06\/distillerie-2.jpg 2048w\" sizes=\"auto, (max-width: 300px) 100vw, 300px\" \/> <img loading=\"lazy\" decoding=\"async\" data-attachment-id=\"816\" data-permalink=\"https:\/\/av.arbeaumont.eu\/index.php\/2018\/06\/11\/la-distillerie-de-biercee\/pencarte\/\" data-orig-file=\"https:\/\/av.arbeaumont.eu\/wp-content\/uploads\/2018\/06\/pencarte.jpg\" data-orig-size=\"2048,1365\" data-comments-opened=\"1\" data-image-meta=\"{&quot;aperture&quot;:&quot;0&quot;,&quot;credit&quot;:&quot;&quot;,&quot;camera&quot;:&quot;&quot;,&quot;caption&quot;:&quot;&quot;,&quot;created_timestamp&quot;:&quot;1524915961&quot;,&quot;copyright&quot;:&quot;&quot;,&quot;focal_length&quot;:&quot;0&quot;,&quot;iso&quot;:&quot;0&quot;,&quot;shutter_speed&quot;:&quot;0&quot;,&quot;title&quot;:&quot;&quot;,&quot;orientation&quot;:&quot;0&quot;}\" data-image-title=\"pencarte\" data-image-description=\"\" data-image-caption=\"\" data-medium-file=\"https:\/\/av.arbeaumont.eu\/wp-content\/uploads\/2018\/06\/pencarte-300x200.jpg\" data-large-file=\"https:\/\/av.arbeaumont.eu\/wp-content\/uploads\/2018\/06\/pencarte-1024x683.jpg\" class=\" td-modal-image alignnone wp-image-816 size-medium\" src=\"https:\/\/av.arbeaumont.eu\/wp-content\/uploads\/2018\/06\/pencarte-300x200.jpg\" alt=\"\" width=\"300\" height=\"200\" srcset=\"https:\/\/av.arbeaumont.eu\/wp-content\/uploads\/2018\/06\/pencarte-300x200.jpg 300w, https:\/\/av.arbeaumont.eu\/wp-content\/uploads\/2018\/06\/pencarte-768x512.jpg 768w, https:\/\/av.arbeaumont.eu\/wp-content\/uploads\/2018\/06\/pencarte-1024x683.jpg 1024w, https:\/\/av.arbeaumont.eu\/wp-content\/uploads\/2018\/06\/pencarte-696x464.jpg 696w, https:\/\/av.arbeaumont.eu\/wp-content\/uploads\/2018\/06\/pencarte-1068x712.jpg 1068w, https:\/\/av.arbeaumont.eu\/wp-content\/uploads\/2018\/06\/pencarte-630x420.jpg 630w, https:\/\/av.arbeaumont.eu\/wp-content\/uploads\/2018\/06\/pencarte.jpg 2048w\" sizes=\"auto, (max-width: 300px) 100vw, 300px\" \/> <img loading=\"lazy\" decoding=\"async\" data-attachment-id=\"815\" data-permalink=\"https:\/\/av.arbeaumont.eu\/index.php\/2018\/06\/11\/la-distillerie-de-biercee\/musee\/\" data-orig-file=\"https:\/\/av.arbeaumont.eu\/wp-content\/uploads\/2018\/06\/mus\u00e9e.jpg\" data-orig-size=\"2048,1365\" data-comments-opened=\"1\" data-image-meta=\"{&quot;aperture&quot;:&quot;0&quot;,&quot;credit&quot;:&quot;&quot;,&quot;camera&quot;:&quot;&quot;,&quot;caption&quot;:&quot;&quot;,&quot;created_timestamp&quot;:&quot;1525528037&quot;,&quot;copyright&quot;:&quot;&quot;,&quot;focal_length&quot;:&quot;0&quot;,&quot;iso&quot;:&quot;0&quot;,&quot;shutter_speed&quot;:&quot;0&quot;,&quot;title&quot;:&quot;&quot;,&quot;orientation&quot;:&quot;0&quot;}\" data-image-title=\"mus\u00e9e\" data-image-description=\"\" data-image-caption=\"\" data-medium-file=\"https:\/\/av.arbeaumont.eu\/wp-content\/uploads\/2018\/06\/mus\u00e9e-300x200.jpg\" data-large-file=\"https:\/\/av.arbeaumont.eu\/wp-content\/uploads\/2018\/06\/mus\u00e9e-1024x683.jpg\" class=\" td-modal-image alignnone wp-image-815 size-medium\" src=\"https:\/\/av.arbeaumont.eu\/wp-content\/uploads\/2018\/06\/mus\u00e9e-300x200.jpg\" alt=\"\" width=\"300\" height=\"200\" srcset=\"https:\/\/av.arbeaumont.eu\/wp-content\/uploads\/2018\/06\/mus\u00e9e-300x200.jpg 300w, https:\/\/av.arbeaumont.eu\/wp-content\/uploads\/2018\/06\/mus\u00e9e-768x512.jpg 768w, https:\/\/av.arbeaumont.eu\/wp-content\/uploads\/2018\/06\/mus\u00e9e-1024x683.jpg 1024w, https:\/\/av.arbeaumont.eu\/wp-content\/uploads\/2018\/06\/mus\u00e9e-696x464.jpg 696w, https:\/\/av.arbeaumont.eu\/wp-content\/uploads\/2018\/06\/mus\u00e9e-1068x712.jpg 1068w, https:\/\/av.arbeaumont.eu\/wp-content\/uploads\/2018\/06\/mus\u00e9e-630x420.jpg 630w, https:\/\/av.arbeaumont.eu\/wp-content\/uploads\/2018\/06\/mus\u00e9e.jpg 2048w\" sizes=\"auto, (max-width: 300px) 100vw, 300px\" \/><\/p>\n<p>Ecoutez l&rsquo;interview<\/p>\n<audio class=\"wp-audio-shortcode\" id=\"audio-799-1\" preload=\"none\" style=\"width: 100%;\" controls=\"controls\"><source type=\"audio\/wav\" src=\"https:\/\/av.arbeaumont.eu\/wp-content\/uploads\/2018\/06\/Interview-distillerie.wav?_=1\" \/><a href=\"https:\/\/av.arbeaumont.eu\/wp-content\/uploads\/2018\/06\/Interview-distillerie.wav\">https:\/\/av.arbeaumont.eu\/wp-content\/uploads\/2018\/06\/Interview-distillerie.wav<\/a><\/audio>\n<p>&nbsp;<\/p>\n","protected":false},"excerpt":{"rendered":"<p>La distillerie de Bierc\u00e9e est un endroit tr\u00e8s chouette o\u00f9 les gens sont tr\u00e8s sympathiques et conviviaux. B\u00e9n\u00e9dicte Soupart, responsable du tourisme \u00e0 la distillerie nous emm\u00e8ne faire une petite viste guid\u00e9e. Propos recueillis par Jean-Christophe Bayot, \u00e9l\u00e8ve de 3e audiovisuel. Combien de personnes travaillent \u00e0 la fabrication des produits ? Il y a 3 [&hellip;]<\/p>\n","protected":false},"author":1,"featured_media":811,"comment_status":"open","ping_status":"closed","sticky":false,"template":"","format":"standard","meta":{"jetpack_post_was_ever_published":false,"footnotes":""},"categories":[130,20],"tags":[],"class_list":{"0":"post-799","1":"post","2":"type-post","3":"status-publish","4":"format-standard","5":"has-post-thumbnail","7":"category-en-radio","8":"category-rencontres-beaumontoises"},"jetpack_featured_media_url":"https:\/\/av.arbeaumont.eu\/wp-content\/uploads\/2018\/06\/machine-4.jpg","jetpack_sharing_enabled":true,"jetpack_shortlink":"https:\/\/wp.me\/p8Dhaa-cT","jetpack_likes_enabled":true,"jetpack-related-posts":[{"id":893,"url":"https:\/\/av.arbeaumont.eu\/index.php\/2018\/06\/11\/le-moise\/","url_meta":{"origin":799,"position":0},"title":"LE MO\u00cfSE","date":"11 juin 2018","format":false,"excerpt":"Plus d'un demi si\u00e8cle d'existence Le Mo\u00efse se situe \u00e0 la rue F\u00e9lix Dutry sur la route principale du centre de Beaumont. J\u2019y ai rencontr\u00e9 Sylvie, la g\u00e9rante. C\u2019est la deuxi\u00e8me propri\u00e9taire de ce magasin, sp\u00e9cialis\u00e9 dans les articles de f\u00eates.\u00a0 Voici une invitation \u00e0 pousser la porte d\u2019entr\u00e9e. Propos\u2026","rel":"","context":"Dans &quot;En radio&quot;","img":{"alt_text":"","src":"https:\/\/i0.wp.com\/av.arbeaumont.eu\/wp-content\/uploads\/2018\/06\/photos3.jpg?resize=350%2C200&ssl=1","width":350,"height":200},"classes":[]},{"id":845,"url":"https:\/\/av.arbeaumont.eu\/index.php\/2018\/06\/11\/quand-lheure-vaut-de-lor\/","url_meta":{"origin":799,"position":1},"title":"QUAND L&rsquo;HEURE VAUT DE L&rsquo;OR","date":"11 juin 2018","format":false,"excerpt":"La bijouterie-horlogerie de Beaumont, nous passons devant la vitrine sans y pr\u00eater vraiment attention. Mais que savons-nous sur les personnes qui y travaillent\u00a0? \u00a0\u00a0Madame Lysiane Dutryl, g\u00e9rante, a accept\u00e9 de nous recevoir \u00a0afin de nous faire d\u00e9couvrir son univers en or. Propos recueillis par Maddy De Wachter- \u00e9l\u00e8ve de 3e\u2026","rel":"","context":"Dans &quot;En radio&quot;","img":{"alt_text":"","src":"https:\/\/i0.wp.com\/av.arbeaumont.eu\/wp-content\/uploads\/2018\/06\/photo-2.jpg?resize=350%2C200&ssl=1","width":350,"height":200},"classes":[]},{"id":3252,"url":"https:\/\/av.arbeaumont.eu\/index.php\/2026\/03\/14\/organiser-un-concert-de-a-a-z\/","url_meta":{"origin":799,"position":2},"title":"Organiser un concert de A \u00e0 Z","date":"14 mars 2026","format":false,"excerpt":"Un nouveau d\u00e9fi audiovisuel en collaboration avec la Maison des Jeunes de Beaumont Organiser un concert de musique, c'est \u00e0 priori tr\u00e8s simple. Il suffit de contacter des groupes, de fixer une date, de trouver une salle, de remplir un peu de paperasse administrative pour la s\u00e9curit\u00e9 et pour les\u2026","rel":"","context":"Dans &quot;Concert de A \u00e0 Z&quot;","img":{"alt_text":"","src":"https:\/\/i0.wp.com\/av.arbeaumont.eu\/wp-content\/uploads\/2026\/03\/DSC_0075.jpg?resize=350%2C200&ssl=1","width":350,"height":200},"classes":[]},{"id":828,"url":"https:\/\/av.arbeaumont.eu\/index.php\/2018\/06\/11\/un-comptable-au-service-des-gens\/","url_meta":{"origin":799,"position":3},"title":"COMPTABLE A VOTRE SERVICE","date":"11 juin 2018","format":false,"excerpt":"Monsieur Hsiao Yen-Tchi est comptable-fiscaliste agr\u00e9\u00e9.\u00a0 Il a fond\u00e9 la soci\u00e9t\u00e9 BHW CONSULT dans la r\u00e9gion de Str\u00e9e. Il est comptable depuis bient\u00f4t 16 ans et avec plusieurs ann\u00e9es d\u2019\u00e9tudes derri\u00e8re lui, il nous confie les avantages et les inconv\u00e9nients de son m\u00e9tier. PROPOS RECUEILLIS PAR YASEMIN BIYIK Bonjour, pouvez-vous\u2026","rel":"","context":"Dans &quot;En radio&quot;","img":{"alt_text":"","src":"https:\/\/i0.wp.com\/av.arbeaumont.eu\/wp-content\/uploads\/2018\/06\/1.jpg?resize=350%2C200&ssl=1","width":350,"height":200},"classes":[]},{"id":869,"url":"https:\/\/av.arbeaumont.eu\/index.php\/2018\/06\/11\/lart-du-grill\/","url_meta":{"origin":799,"position":4},"title":"L\u2019ART DU  GRILL","date":"11 juin 2018","format":false,"excerpt":"Un impr\u00e9vu\u00a0? Sandra Manoni pense \u00e0 vous.\u00a0Avec son mari, ils tiennent un restaurant \u00e0 Beaumont.\u00a0 Rencontre autour d\u2019un bon plat.\u00a0 Propos recueillis par Antoine Royen, \u00e9l\u00e8ve de 3eaudiovisuel \u00e0 l\u2019ath\u00e9n\u00e9e royal de Beaumont. En quoi consiste votre m\u00e9tier ? Mon mari est en cuisine, c'est lui le cuisinier. \u00a0Et moi,\u2026","rel":"","context":"Dans &quot;En radio&quot;","img":{"alt_text":"","src":"https:\/\/i0.wp.com\/av.arbeaumont.eu\/wp-content\/uploads\/2018\/06\/photo-18-1.jpg?resize=350%2C200&ssl=1","width":350,"height":200},"classes":[]},{"id":881,"url":"https:\/\/av.arbeaumont.eu\/index.php\/2018\/06\/11\/les-3-auvergnats\/","url_meta":{"origin":799,"position":5},"title":"LES 3 AUVERGNATS","date":"11 juin 2018","format":false,"excerpt":"Le caf\u00e9 culturel Ancien professeur de morale, Geoffroy, barman au caf\u00e9 culturel \u00ab\u00a0Les 3 auvergnats\u00a0\u00bb, a d\u00e9cid\u00e9 d\u2019arr\u00eater l\u2019enseignement pour ouvrir un caf\u00e9 tr\u00e8s particulier. Passionn\u00e9 de musique depuis plus de 18 ans, il r\u00eavait d\u2019ouvrir cet \u00e9tablissement o\u00f9 les concerts sont source de bonheur chaque semaine. PROPOS RECUEILLIS PAR\u2026","rel":"","context":"Dans &quot;En radio&quot;","img":{"alt_text":"","src":"https:\/\/i0.wp.com\/av.arbeaumont.eu\/wp-content\/uploads\/2018\/06\/photo-16-examen_.jpg?resize=350%2C200&ssl=1","width":350,"height":200},"classes":[]}],"amp_enabled":true,"_links":{"self":[{"href":"https:\/\/av.arbeaumont.eu\/index.php\/wp-json\/wp\/v2\/posts\/799","targetHints":{"allow":["GET"]}}],"collection":[{"href":"https:\/\/av.arbeaumont.eu\/index.php\/wp-json\/wp\/v2\/posts"}],"about":[{"href":"https:\/\/av.arbeaumont.eu\/index.php\/wp-json\/wp\/v2\/types\/post"}],"author":[{"embeddable":true,"href":"https:\/\/av.arbeaumont.eu\/index.php\/wp-json\/wp\/v2\/users\/1"}],"replies":[{"embeddable":true,"href":"https:\/\/av.arbeaumont.eu\/index.php\/wp-json\/wp\/v2\/comments?post=799"}],"version-history":[{"count":6,"href":"https:\/\/av.arbeaumont.eu\/index.php\/wp-json\/wp\/v2\/posts\/799\/revisions"}],"predecessor-version":[{"id":2988,"href":"https:\/\/av.arbeaumont.eu\/index.php\/wp-json\/wp\/v2\/posts\/799\/revisions\/2988"}],"wp:featuredmedia":[{"embeddable":true,"href":"https:\/\/av.arbeaumont.eu\/index.php\/wp-json\/wp\/v2\/media\/811"}],"wp:attachment":[{"href":"https:\/\/av.arbeaumont.eu\/index.php\/wp-json\/wp\/v2\/media?parent=799"}],"wp:term":[{"taxonomy":"category","embeddable":true,"href":"https:\/\/av.arbeaumont.eu\/index.php\/wp-json\/wp\/v2\/categories?post=799"},{"taxonomy":"post_tag","embeddable":true,"href":"https:\/\/av.arbeaumont.eu\/index.php\/wp-json\/wp\/v2\/tags?post=799"}],"curies":[{"name":"wp","href":"https:\/\/api.w.org\/{rel}","templated":true}]}}