{"id":824,"date":"2018-06-11T19:29:59","date_gmt":"2018-06-11T17:29:59","guid":{"rendered":"https:\/\/av.arbeaumont.eu\/?p=824"},"modified":"2019-04-08T21:49:10","modified_gmt":"2019-04-08T19:49:10","slug":"anne-vinet-infirmiere","status":"publish","type":"post","link":"https:\/\/av.arbeaumont.eu\/index.php\/2018\/06\/11\/anne-vinet-infirmiere\/","title":{"rendered":"T\u00e9moignage des anciens"},"content":{"rendered":"<h1>Anne Vinet, infirmi\u00e8re<\/h1>\n<p><span class=\"embed-youtube\" style=\"text-align:center; display: block;\"><iframe loading=\"lazy\" class=\"youtube-player\" width=\"696\" height=\"392\" src=\"https:\/\/www.youtube.com\/embed\/fWCRjr5FoJw?version=3&#038;rel=1&#038;showsearch=0&#038;showinfo=1&#038;iv_load_policy=1&#038;fs=1&#038;hl=fr-FR&#038;autohide=2&#038;wmode=transparent\" allowfullscreen=\"true\" style=\"border:0;\" sandbox=\"allow-scripts allow-same-origin allow-popups allow-presentation\"><\/iframe><\/span><\/p>\n","protected":false},"excerpt":{"rendered":"<p>Anne Vinet, infirmi\u00e8re<\/p>\n","protected":false},"author":1,"featured_media":826,"comment_status":"open","ping_status":"closed","sticky":false,"template":"","format":"video","meta":{"jetpack_post_was_ever_published":false,"footnotes":""},"categories":[21],"tags":[],"class_list":{"0":"post-824","1":"post","2":"type-post","3":"status-publish","4":"format-video","5":"has-post-thumbnail","7":"category-temoignages-des-anciens","8":"post_format-post-format-video"},"jetpack_featured_media_url":"https:\/\/av.arbeaumont.eu\/wp-content\/uploads\/2018\/06\/Capture-d\u2019\u00e9cran-2018-06-11-\u00e0-19.32.11.png","jetpack_sharing_enabled":true,"jetpack_shortlink":"https:\/\/wp.me\/p8Dhaa-di","jetpack_likes_enabled":true,"jetpack-related-posts":[{"id":1170,"url":"https:\/\/av.arbeaumont.eu\/index.php\/2019\/04\/08\/temoignage-des-anciens\/","url_meta":{"origin":824,"position":0},"title":"Pascal Villi\u00e8re, t\u00e9moignage des anciens","date":"8 avril 2019","format":false,"excerpt":"Pascal Villi\u00e8re https:\/\/youtu.be\/jAxxg2WCFTQ \u00a0","rel":"","context":"Dans &quot;T\u00e9moignages des anciens&quot;","img":{"alt_text":"","src":"https:\/\/i0.wp.com\/av.arbeaumont.eu\/wp-content\/uploads\/2019\/04\/Capture-d\u2019\u00e9cran-2019-04-08-\u00e0-21.55.11.png?resize=350%2C200&ssl=1","width":350,"height":200},"classes":[]},{"id":3029,"url":"https:\/\/av.arbeaumont.eu\/index.php\/2024\/03\/24\/temoignages-videos-des-anciens\/","url_meta":{"origin":824,"position":1},"title":"T\u00e9moignages vid\u00e9os des anciens","date":"24 mars 2024","format":"video","excerpt":"Nos anciens \u00e9l\u00e8ves sont encore pour la plupart aux \u00e9tudes ou entament actuellement leur vie professionnelle. Envie de savoir ce qu'ils deviennent. Voici quelques-uns de leurs t\u00e9moignages. Adrien, sorti en 2021 https:\/\/youtu.be\/_8PagVRpxbY B\u00e9ryl, sortie en 2019 https:\/\/youtu.be\/sa0PKPnXPNo Nathan Tassin, sorti en 2021 https:\/\/youtu.be\/fWhNtVR4pFA Guillaume Richard, sorti en 2021 https:\/\/youtu.be\/E4z4Ty1qxbM Eva\u2026","rel":"","context":"Dans &quot;T\u00e9moignages des anciens&quot;","img":{"alt_text":"","src":"https:\/\/i0.wp.com\/av.arbeaumont.eu\/wp-content\/uploads\/2017\/12\/Jogging-2017-14.jpg?resize=350%2C200&ssl=1","width":350,"height":200},"classes":[]},{"id":1040,"url":"https:\/\/av.arbeaumont.eu\/index.php\/2018\/06\/12\/jerome-tassier-la-notion-dhumanitude-ma-marque\/","url_meta":{"origin":824,"position":2},"title":"J\u00e9r\u00f4me Tassier : la notion \u00ab\u00a0d&rsquo;humanitude\u00a0\u00bb m&rsquo;a marqu\u00e9","date":"12 juin 2018","format":false,"excerpt":"https:\/\/youtu.be\/V8KDZIGYEho","rel":"","context":"Dans &quot;T\u00e9moignages des anciens&quot;","img":{"alt_text":"","src":"https:\/\/i0.wp.com\/av.arbeaumont.eu\/wp-content\/uploads\/2018\/06\/Capture-d\u2019\u00e9cran-2018-06-12-\u00e0-08.28.18.png?resize=350%2C200&ssl=1","width":350,"height":200},"classes":[]},{"id":3097,"url":"https:\/\/av.arbeaumont.eu\/index.php\/2024\/03\/24\/commemorations-des-2-guerres-a-boussu\/","url_meta":{"origin":824,"position":3},"title":"Comm\u00e9morations des 2 guerres \u00e0 Boussu","date":"24 mars 2024","format":false,"excerpt":"Durant 3 jours en septembre 2023, les \u00e9l\u00e8ves de rh\u00e9tos ont photographi\u00e9 et film\u00e9 les comm\u00e9morations des 2 guerres mondiales organis\u00e9es par le comit\u00e9 de m\u00e9moire de Froidchapelle. Sous un soleil de plomb, ils ont d\u00e9couvert la vie durant la guerre, les \u00e9quipements, les armes, les r\u00e9seaux de r\u00e9sistance et\u2026","rel":"","context":"Dans &quot;Photos&quot;","img":{"alt_text":"","src":"https:\/\/i0.wp.com\/av.arbeaumont.eu\/wp-content\/uploads\/2024\/03\/sans-titre-0210.jpg?resize=350%2C200&ssl=1","width":350,"height":200},"classes":[]},{"id":2443,"url":"https:\/\/av.arbeaumont.eu\/index.php\/2021\/04\/06\/loption-audiovisuel-est-elle-faite-pour-toi\/","url_meta":{"origin":824,"position":4},"title":"Questionnaire : l&rsquo;option audiovisuel est-elle faite pour toi?","date":"6 avril 2021","format":false,"excerpt":"Tu entres en 3e, 4e ou 5e secondaire et tu ne sais pas quelle option choisir l'an prochain? Et pourquoi pas l'audiovisuel. C'est une option de l'enseignement technique de transition qui te permet de suivre un enseignement g\u00e9n\u00e9ral tout en ayant des cours orient\u00e9s vers l'image, le son et les\u2026","rel":"","context":"Dans &quot;Pr\u00e9sentation de l'option&quot;","img":{"alt_text":"","src":"https:\/\/i0.wp.com\/av.arbeaumont.eu\/wp-content\/uploads\/2021\/04\/Amok-3.jpg?resize=350%2C200&ssl=1","width":350,"height":200},"classes":[]},{"id":705,"url":"https:\/\/av.arbeaumont.eu\/index.php\/2018\/05\/24\/destination-pitchipoi\/","url_meta":{"origin":824,"position":5},"title":"Destination Pitchipo\u00ef","date":"24 mai 2018","format":false,"excerpt":"Un documentaire poignant sur la d\u00e9portation de Simone Weil \u00e0 Auschwitz Au coeur de la deuxi\u00e8me guerre mondiale, peu de gens savent exactement ce qui se passe \u00e0 Auschwitz.\u00a0Lorsque notre h\u00e9ro\u00efne est arr\u00eat\u00e9e \u00e0 Nice en 44, elle ignore tout du sort et de la destination qui l\u2019attendent. Les Juifs\u2026","rel":"","context":"Dans &quot;Reportages&quot;","img":{"alt_text":"","src":"https:\/\/i0.wp.com\/av.arbeaumont.eu\/wp-content\/uploads\/2018\/05\/Auschwitz-2-4.jpg?resize=350%2C200&ssl=1","width":350,"height":200},"classes":[]}],"amp_enabled":true,"_links":{"self":[{"href":"https:\/\/av.arbeaumont.eu\/index.php\/wp-json\/wp\/v2\/posts\/824","targetHints":{"allow":["GET"]}}],"collection":[{"href":"https:\/\/av.arbeaumont.eu\/index.php\/wp-json\/wp\/v2\/posts"}],"about":[{"href":"https:\/\/av.arbeaumont.eu\/index.php\/wp-json\/wp\/v2\/types\/post"}],"author":[{"embeddable":true,"href":"https:\/\/av.arbeaumont.eu\/index.php\/wp-json\/wp\/v2\/users\/1"}],"replies":[{"embeddable":true,"href":"https:\/\/av.arbeaumont.eu\/index.php\/wp-json\/wp\/v2\/comments?post=824"}],"version-history":[{"count":4,"href":"https:\/\/av.arbeaumont.eu\/index.php\/wp-json\/wp\/v2\/posts\/824\/revisions"}],"predecessor-version":[{"id":1169,"href":"https:\/\/av.arbeaumont.eu\/index.php\/wp-json\/wp\/v2\/posts\/824\/revisions\/1169"}],"wp:featuredmedia":[{"embeddable":true,"href":"https:\/\/av.arbeaumont.eu\/index.php\/wp-json\/wp\/v2\/media\/826"}],"wp:attachment":[{"href":"https:\/\/av.arbeaumont.eu\/index.php\/wp-json\/wp\/v2\/media?parent=824"}],"wp:term":[{"taxonomy":"category","embeddable":true,"href":"https:\/\/av.arbeaumont.eu\/index.php\/wp-json\/wp\/v2\/categories?post=824"},{"taxonomy":"post_tag","embeddable":true,"href":"https:\/\/av.arbeaumont.eu\/index.php\/wp-json\/wp\/v2\/tags?post=824"}],"curies":[{"name":"wp","href":"https:\/\/api.w.org\/{rel}","templated":true}]}}