{"id":903,"date":"2018-06-10T09:20:37","date_gmt":"2018-06-10T07:20:37","guid":{"rendered":"https:\/\/av.arbeaumont.eu\/?p=903"},"modified":"2023-03-12T13:21:33","modified_gmt":"2023-03-12T12:21:33","slug":"la-reference-du-chocolat-a-beaumont","status":"publish","type":"post","link":"https:\/\/av.arbeaumont.eu\/index.php\/2018\/06\/10\/la-reference-du-chocolat-a-beaumont\/","title":{"rendered":"LA REFERENCE DU CHOCOLAT"},"content":{"rendered":"<h4><strong>Alain Bressant est l\u2019un des principaux chocolatiers de la r\u00e9gion.\u00a0 Avec 25 ann\u00e9es de pratique \u00e0 son actif, Ce beaumontois d\u2019origine vous dit tout\u00a0sur l\u2019or noir!<\/strong><\/h4>\n<p><img loading=\"lazy\" decoding=\"async\" data-attachment-id=\"913\" data-permalink=\"https:\/\/av.arbeaumont.eu\/index.php\/2018\/06\/10\/la-reference-du-chocolat-a-beaumont\/photo-17-2\/\" data-orig-file=\"https:\/\/av.arbeaumont.eu\/wp-content\/uploads\/2018\/06\/photo-17-1.jpg\" data-orig-size=\"1524,2048\" data-comments-opened=\"1\" data-image-meta=\"{&quot;aperture&quot;:&quot;0&quot;,&quot;credit&quot;:&quot;&quot;,&quot;camera&quot;:&quot;&quot;,&quot;caption&quot;:&quot;&quot;,&quot;created_timestamp&quot;:&quot;1525518406&quot;,&quot;copyright&quot;:&quot;&quot;,&quot;focal_length&quot;:&quot;0&quot;,&quot;iso&quot;:&quot;0&quot;,&quot;shutter_speed&quot;:&quot;0&quot;,&quot;title&quot;:&quot;&quot;,&quot;orientation&quot;:&quot;0&quot;}\" data-image-title=\"photo 17\" data-image-description=\"\" data-image-caption=\"\" data-medium-file=\"https:\/\/av.arbeaumont.eu\/wp-content\/uploads\/2018\/06\/photo-17-1-223x300.jpg\" data-large-file=\"https:\/\/av.arbeaumont.eu\/wp-content\/uploads\/2018\/06\/photo-17-1-762x1024.jpg\" class=\" td-modal-image alignleft wp-image-913 size-medium\" src=\"https:\/\/av.arbeaumont.eu\/wp-content\/uploads\/2018\/06\/photo-17-1-223x300.jpg\" alt=\"\" width=\"223\" height=\"300\" srcset=\"https:\/\/av.arbeaumont.eu\/wp-content\/uploads\/2018\/06\/photo-17-1-223x300.jpg 223w, https:\/\/av.arbeaumont.eu\/wp-content\/uploads\/2018\/06\/photo-17-1-768x1032.jpg 768w, https:\/\/av.arbeaumont.eu\/wp-content\/uploads\/2018\/06\/photo-17-1-762x1024.jpg 762w, https:\/\/av.arbeaumont.eu\/wp-content\/uploads\/2018\/06\/photo-17-1-696x935.jpg 696w, https:\/\/av.arbeaumont.eu\/wp-content\/uploads\/2018\/06\/photo-17-1-1068x1435.jpg 1068w, https:\/\/av.arbeaumont.eu\/wp-content\/uploads\/2018\/06\/photo-17-1-313x420.jpg 313w, https:\/\/av.arbeaumont.eu\/wp-content\/uploads\/2018\/06\/photo-17-1.jpg 1524w\" sizes=\"auto, (max-width: 223px) 100vw, 223px\" \/>Propos recueillis par Maxime Stilmant, \u00e9l\u00e8ve de 3<sup>e<\/sup>audiovisuel \u00e0 l\u2019ath\u00e9n\u00e9e royal de Beaumont.<\/p>\n<p><strong>En quoi consiste votre m\u00e9tier\u00a0?<br \/>\n<\/strong>Fabriquer du chocolat, des pralines, des sujets pour la St-Nicolas, pour les f\u00eates de Noel, les sujets de P\u00e2ques. A cot\u00e9 de \u00e7a, je fais de la confiserie, de la glace et un peu de biscuiterie.<\/p>\n<p><strong>Depuis combien de temps exercez- vous votre m\u00e9tier\u00a0?<br \/>\n<\/strong>Depuis 1994.<\/p>\n<p><img loading=\"lazy\" decoding=\"async\" data-attachment-id=\"908\" data-permalink=\"https:\/\/av.arbeaumont.eu\/index.php\/2018\/06\/10\/la-reference-du-chocolat-a-beaumont\/photo-4\/\" data-orig-file=\"https:\/\/av.arbeaumont.eu\/wp-content\/uploads\/2018\/06\/photo-4.jpg\" data-orig-size=\"1536,2048\" data-comments-opened=\"1\" data-image-meta=\"{&quot;aperture&quot;:&quot;0&quot;,&quot;credit&quot;:&quot;&quot;,&quot;camera&quot;:&quot;&quot;,&quot;caption&quot;:&quot;&quot;,&quot;created_timestamp&quot;:&quot;1525518614&quot;,&quot;copyright&quot;:&quot;&quot;,&quot;focal_length&quot;:&quot;0&quot;,&quot;iso&quot;:&quot;0&quot;,&quot;shutter_speed&quot;:&quot;0&quot;,&quot;title&quot;:&quot;&quot;,&quot;orientation&quot;:&quot;0&quot;}\" data-image-title=\"photo 4\" data-image-description=\"\" data-image-caption=\"\" data-medium-file=\"https:\/\/av.arbeaumont.eu\/wp-content\/uploads\/2018\/06\/photo-4-225x300.jpg\" data-large-file=\"https:\/\/av.arbeaumont.eu\/wp-content\/uploads\/2018\/06\/photo-4-768x1024.jpg\" class=\"td-modal-image alignright wp-image-908 size-thumbnail\" src=\"https:\/\/av.arbeaumont.eu\/wp-content\/uploads\/2018\/06\/photo-4-150x150.jpg\" alt=\"\" width=\"150\" height=\"150\" \/> <img loading=\"lazy\" decoding=\"async\" data-attachment-id=\"906\" data-permalink=\"https:\/\/av.arbeaumont.eu\/index.php\/2018\/06\/10\/la-reference-du-chocolat-a-beaumont\/photo-2-3\/\" data-orig-file=\"https:\/\/av.arbeaumont.eu\/wp-content\/uploads\/2018\/06\/photo-2-2.jpg\" data-orig-size=\"1536,2048\" data-comments-opened=\"1\" data-image-meta=\"{&quot;aperture&quot;:&quot;0&quot;,&quot;credit&quot;:&quot;&quot;,&quot;camera&quot;:&quot;&quot;,&quot;caption&quot;:&quot;&quot;,&quot;created_timestamp&quot;:&quot;1525518627&quot;,&quot;copyright&quot;:&quot;&quot;,&quot;focal_length&quot;:&quot;0&quot;,&quot;iso&quot;:&quot;0&quot;,&quot;shutter_speed&quot;:&quot;0&quot;,&quot;title&quot;:&quot;&quot;,&quot;orientation&quot;:&quot;0&quot;}\" data-image-title=\"photo 2\" data-image-description=\"\" data-image-caption=\"\" data-medium-file=\"https:\/\/av.arbeaumont.eu\/wp-content\/uploads\/2018\/06\/photo-2-2-225x300.jpg\" data-large-file=\"https:\/\/av.arbeaumont.eu\/wp-content\/uploads\/2018\/06\/photo-2-2-768x1024.jpg\" class=\"td-modal-image alignright wp-image-906 size-thumbnail\" src=\"https:\/\/av.arbeaumont.eu\/wp-content\/uploads\/2018\/06\/photo-2-2-150x150.jpg\" alt=\"\" width=\"150\" height=\"150\" \/> <img loading=\"lazy\" decoding=\"async\" data-attachment-id=\"912\" data-permalink=\"https:\/\/av.arbeaumont.eu\/index.php\/2018\/06\/10\/la-reference-du-chocolat-a-beaumont\/photo-15-2\/\" data-orig-file=\"https:\/\/av.arbeaumont.eu\/wp-content\/uploads\/2018\/06\/photo-15-1.jpg\" data-orig-size=\"1536,2048\" data-comments-opened=\"1\" data-image-meta=\"{&quot;aperture&quot;:&quot;0&quot;,&quot;credit&quot;:&quot;&quot;,&quot;camera&quot;:&quot;&quot;,&quot;caption&quot;:&quot;&quot;,&quot;created_timestamp&quot;:&quot;1525518414&quot;,&quot;copyright&quot;:&quot;&quot;,&quot;focal_length&quot;:&quot;0&quot;,&quot;iso&quot;:&quot;0&quot;,&quot;shutter_speed&quot;:&quot;0&quot;,&quot;title&quot;:&quot;&quot;,&quot;orientation&quot;:&quot;0&quot;}\" data-image-title=\"photo 15\" data-image-description=\"\" data-image-caption=\"\" data-medium-file=\"https:\/\/av.arbeaumont.eu\/wp-content\/uploads\/2018\/06\/photo-15-1-225x300.jpg\" data-large-file=\"https:\/\/av.arbeaumont.eu\/wp-content\/uploads\/2018\/06\/photo-15-1-768x1024.jpg\" class=\"td-modal-image alignright wp-image-912 size-thumbnail\" src=\"https:\/\/av.arbeaumont.eu\/wp-content\/uploads\/2018\/06\/photo-15-1-150x150.jpg\" alt=\"\" width=\"150\" height=\"150\" \/><\/p>\n<p><strong>Utilisez-vous des machines sp\u00e9ciales ou des outils sp\u00e9ciaux\u00a0?<br \/>\n<\/strong>Oui.\u00a0 Les machines sp\u00e9ciales, ce sont les machines qui servent \u00e0 faire fondre le chocolat et \u00e0 le maintenir \u00e0 la bonne temp\u00e9rature parce que le chocolat se fond entre 45\u00b0et 50 degr\u00e9, ensuite le chocolat se travaille entre 28\u00b0 et 32 degr\u00e9s (entre 28\u00b0 et 30\u00b0 pour le blanc, entre 29\u00b0 et 31\u00b0 pour le chocolat au lait et entre 30\u00b0 et 32\u00b0 pour le chocolat fondant).\u00a0 Plus il y a de poudre de lait dans le chocolat, plus on baisse sa temp\u00e9rature de travail, donc \u00e7a veut dire que c\u2019est dans le blanc qu\u2019il y a le plus de poudre de lait, le plus de sucre aussi.<img loading=\"lazy\" decoding=\"async\" data-attachment-id=\"910\" data-permalink=\"https:\/\/av.arbeaumont.eu\/index.php\/2018\/06\/10\/la-reference-du-chocolat-a-beaumont\/photo-8-2\/\" data-orig-file=\"https:\/\/av.arbeaumont.eu\/wp-content\/uploads\/2018\/06\/photo-8-1.jpg\" data-orig-size=\"1536,2048\" data-comments-opened=\"1\" data-image-meta=\"{&quot;aperture&quot;:&quot;0&quot;,&quot;credit&quot;:&quot;&quot;,&quot;camera&quot;:&quot;&quot;,&quot;caption&quot;:&quot;&quot;,&quot;created_timestamp&quot;:&quot;1525518526&quot;,&quot;copyright&quot;:&quot;&quot;,&quot;focal_length&quot;:&quot;0&quot;,&quot;iso&quot;:&quot;0&quot;,&quot;shutter_speed&quot;:&quot;0&quot;,&quot;title&quot;:&quot;&quot;,&quot;orientation&quot;:&quot;0&quot;}\" data-image-title=\"photo 8\" data-image-description=\"\" data-image-caption=\"\" data-medium-file=\"https:\/\/av.arbeaumont.eu\/wp-content\/uploads\/2018\/06\/photo-8-1-225x300.jpg\" data-large-file=\"https:\/\/av.arbeaumont.eu\/wp-content\/uploads\/2018\/06\/photo-8-1-768x1024.jpg\" class=\" td-modal-image alignright wp-image-910 size-medium\" src=\"https:\/\/av.arbeaumont.eu\/wp-content\/uploads\/2018\/06\/photo-8-1-225x300.jpg\" alt=\"\" width=\"225\" height=\"300\" srcset=\"https:\/\/av.arbeaumont.eu\/wp-content\/uploads\/2018\/06\/photo-8-1-225x300.jpg 225w, https:\/\/av.arbeaumont.eu\/wp-content\/uploads\/2018\/06\/photo-8-1-768x1024.jpg 768w, https:\/\/av.arbeaumont.eu\/wp-content\/uploads\/2018\/06\/photo-8-1-696x928.jpg 696w, https:\/\/av.arbeaumont.eu\/wp-content\/uploads\/2018\/06\/photo-8-1-1068x1424.jpg 1068w, https:\/\/av.arbeaumont.eu\/wp-content\/uploads\/2018\/06\/photo-8-1-315x420.jpg 315w, https:\/\/av.arbeaumont.eu\/wp-content\/uploads\/2018\/06\/photo-8-1.jpg 1536w\" sizes=\"auto, (max-width: 225px) 100vw, 225px\" \/><\/p>\n<p><strong>Avez-vous une sp\u00e9cialit\u00e9 que vous faites uniquement dans cette chocolaterie\u00a0?<br \/>\n<\/strong>Une principale\u00a0? Les petites boules au coulis de framboise\u00a0: c\u2019est une coquille en chocolat fondant et quand on croque, on a un sirop de framboise qui coule dans la bouche.<\/p>\n<p><strong>Pourquoi \u00eatre devenu chocolatier\u00a0?<br \/>\n<\/strong>Bah pourquoi pas\u00a0? Rires\u2026\u00a0 C\u2019est parce que j\u2019\u00e9tais p\u00e2tissier d\u2019origine, et puis je travaillais dans une chocolaterie bien connue de la r\u00e9gion, je faisais du chocolat ainsi, pour me distraire.\u00a0Et puis, j\u2019ai d\u00e9cid\u00e9 d\u2019en faire mon activit\u00e9 principale.<\/p>\n<p><strong><img loading=\"lazy\" decoding=\"async\" data-attachment-id=\"909\" data-permalink=\"https:\/\/av.arbeaumont.eu\/index.php\/2018\/06\/10\/la-reference-du-chocolat-a-beaumont\/photo-6\/\" data-orig-file=\"https:\/\/av.arbeaumont.eu\/wp-content\/uploads\/2018\/06\/photo-6.jpg\" data-orig-size=\"1536,2048\" data-comments-opened=\"1\" data-image-meta=\"{&quot;aperture&quot;:&quot;0&quot;,&quot;credit&quot;:&quot;&quot;,&quot;camera&quot;:&quot;&quot;,&quot;caption&quot;:&quot;&quot;,&quot;created_timestamp&quot;:&quot;1525518606&quot;,&quot;copyright&quot;:&quot;&quot;,&quot;focal_length&quot;:&quot;0&quot;,&quot;iso&quot;:&quot;0&quot;,&quot;shutter_speed&quot;:&quot;0&quot;,&quot;title&quot;:&quot;&quot;,&quot;orientation&quot;:&quot;0&quot;}\" data-image-title=\"photo 6\" data-image-description=\"\" data-image-caption=\"\" data-medium-file=\"https:\/\/av.arbeaumont.eu\/wp-content\/uploads\/2018\/06\/photo-6-225x300.jpg\" data-large-file=\"https:\/\/av.arbeaumont.eu\/wp-content\/uploads\/2018\/06\/photo-6-768x1024.jpg\" class=\" td-modal-image alignleft wp-image-909 size-medium\" src=\"https:\/\/av.arbeaumont.eu\/wp-content\/uploads\/2018\/06\/photo-6-225x300.jpg\" alt=\"\" width=\"225\" height=\"300\" srcset=\"https:\/\/av.arbeaumont.eu\/wp-content\/uploads\/2018\/06\/photo-6-225x300.jpg 225w, https:\/\/av.arbeaumont.eu\/wp-content\/uploads\/2018\/06\/photo-6-768x1024.jpg 768w, https:\/\/av.arbeaumont.eu\/wp-content\/uploads\/2018\/06\/photo-6-696x928.jpg 696w, https:\/\/av.arbeaumont.eu\/wp-content\/uploads\/2018\/06\/photo-6-1068x1424.jpg 1068w, https:\/\/av.arbeaumont.eu\/wp-content\/uploads\/2018\/06\/photo-6-315x420.jpg 315w, https:\/\/av.arbeaumont.eu\/wp-content\/uploads\/2018\/06\/photo-6.jpg 1536w\" sizes=\"auto, (max-width: 225px) 100vw, 225px\" \/><\/strong><\/p>\n<p>&nbsp;<\/p>\n<p><strong>Pensez-vous l\u2019exercer encore longtemps\u00a0?<br \/>\n<\/strong>Encore au moins 5ans parce que j\u2019ai 55 ans.<\/p>\n<p>&nbsp;<\/p>\n<p>&nbsp;<\/p>\n<p>&nbsp;<\/p>\n<p>&nbsp;<\/p>\n<p>Ecoutez l&rsquo;interview d&rsquo;Alain Bressant<\/p>\n","protected":false},"excerpt":{"rendered":"<p>Alain Bressant est l\u2019un des principaux chocolatiers de la r\u00e9gion.\u00a0 Avec 25 ann\u00e9es de pratique \u00e0 son actif, Ce beaumontois d\u2019origine vous dit tout\u00a0sur l\u2019or noir! Propos recueillis par Maxime Stilmant, \u00e9l\u00e8ve de 3eaudiovisuel \u00e0 l\u2019ath\u00e9n\u00e9e royal de Beaumont. En quoi consiste votre m\u00e9tier\u00a0? Fabriquer du chocolat, des pralines, des sujets pour la St-Nicolas, pour [&hellip;]<\/p>\n","protected":false},"author":1,"featured_media":914,"comment_status":"open","ping_status":"closed","sticky":false,"template":"","format":"standard","meta":{"jetpack_post_was_ever_published":false,"footnotes":""},"categories":[130,20],"tags":[],"class_list":{"0":"post-903","1":"post","2":"type-post","3":"status-publish","4":"format-standard","5":"has-post-thumbnail","7":"category-en-radio","8":"category-rencontres-beaumontoises"},"jetpack_featured_media_url":"https:\/\/av.arbeaumont.eu\/wp-content\/uploads\/2018\/06\/photo-19.jpg","jetpack_sharing_enabled":true,"jetpack_shortlink":"https:\/\/wp.me\/p8Dhaa-ez","jetpack_likes_enabled":true,"jetpack-related-posts":[{"id":828,"url":"https:\/\/av.arbeaumont.eu\/index.php\/2018\/06\/11\/un-comptable-au-service-des-gens\/","url_meta":{"origin":903,"position":0},"title":"COMPTABLE A VOTRE SERVICE","date":"11 juin 2018","format":false,"excerpt":"Monsieur Hsiao Yen-Tchi est comptable-fiscaliste agr\u00e9\u00e9.\u00a0 Il a fond\u00e9 la soci\u00e9t\u00e9 BHW CONSULT dans la r\u00e9gion de Str\u00e9e. Il est comptable depuis bient\u00f4t 16 ans et avec plusieurs ann\u00e9es d\u2019\u00e9tudes derri\u00e8re lui, il nous confie les avantages et les inconv\u00e9nients de son m\u00e9tier. PROPOS RECUEILLIS PAR YASEMIN BIYIK Bonjour, pouvez-vous\u2026","rel":"","context":"Dans &quot;En radio&quot;","img":{"alt_text":"","src":"https:\/\/i0.wp.com\/av.arbeaumont.eu\/wp-content\/uploads\/2018\/06\/1.jpg?resize=350%2C200&ssl=1","width":350,"height":200},"classes":[]},{"id":893,"url":"https:\/\/av.arbeaumont.eu\/index.php\/2018\/06\/11\/le-moise\/","url_meta":{"origin":903,"position":1},"title":"LE MO\u00cfSE","date":"11 juin 2018","format":false,"excerpt":"Plus d'un demi si\u00e8cle d'existence Le Mo\u00efse se situe \u00e0 la rue F\u00e9lix Dutry sur la route principale du centre de Beaumont. J\u2019y ai rencontr\u00e9 Sylvie, la g\u00e9rante. C\u2019est la deuxi\u00e8me propri\u00e9taire de ce magasin, sp\u00e9cialis\u00e9 dans les articles de f\u00eates.\u00a0 Voici une invitation \u00e0 pousser la porte d\u2019entr\u00e9e. Propos\u2026","rel":"","context":"Dans &quot;En radio&quot;","img":{"alt_text":"","src":"https:\/\/i0.wp.com\/av.arbeaumont.eu\/wp-content\/uploads\/2018\/06\/photos3.jpg?resize=350%2C200&ssl=1","width":350,"height":200},"classes":[]},{"id":869,"url":"https:\/\/av.arbeaumont.eu\/index.php\/2018\/06\/11\/lart-du-grill\/","url_meta":{"origin":903,"position":2},"title":"L\u2019ART DU  GRILL","date":"11 juin 2018","format":false,"excerpt":"Un impr\u00e9vu\u00a0? Sandra Manoni pense \u00e0 vous.\u00a0Avec son mari, ils tiennent un restaurant \u00e0 Beaumont.\u00a0 Rencontre autour d\u2019un bon plat.\u00a0 Propos recueillis par Antoine Royen, \u00e9l\u00e8ve de 3eaudiovisuel \u00e0 l\u2019ath\u00e9n\u00e9e royal de Beaumont. En quoi consiste votre m\u00e9tier ? Mon mari est en cuisine, c'est lui le cuisinier. \u00a0Et moi,\u2026","rel":"","context":"Dans &quot;En radio&quot;","img":{"alt_text":"","src":"https:\/\/i0.wp.com\/av.arbeaumont.eu\/wp-content\/uploads\/2018\/06\/photo-18-1.jpg?resize=350%2C200&ssl=1","width":350,"height":200},"classes":[]},{"id":881,"url":"https:\/\/av.arbeaumont.eu\/index.php\/2018\/06\/11\/les-3-auvergnats\/","url_meta":{"origin":903,"position":3},"title":"LES 3 AUVERGNATS","date":"11 juin 2018","format":false,"excerpt":"Le caf\u00e9 culturel Ancien professeur de morale, Geoffroy, barman au caf\u00e9 culturel \u00ab\u00a0Les 3 auvergnats\u00a0\u00bb, a d\u00e9cid\u00e9 d\u2019arr\u00eater l\u2019enseignement pour ouvrir un caf\u00e9 tr\u00e8s particulier. Passionn\u00e9 de musique depuis plus de 18 ans, il r\u00eavait d\u2019ouvrir cet \u00e9tablissement o\u00f9 les concerts sont source de bonheur chaque semaine. PROPOS RECUEILLIS PAR\u2026","rel":"","context":"Dans &quot;En radio&quot;","img":{"alt_text":"","src":"https:\/\/i0.wp.com\/av.arbeaumont.eu\/wp-content\/uploads\/2018\/06\/photo-16-examen_.jpg?resize=350%2C200&ssl=1","width":350,"height":200},"classes":[]},{"id":845,"url":"https:\/\/av.arbeaumont.eu\/index.php\/2018\/06\/11\/quand-lheure-vaut-de-lor\/","url_meta":{"origin":903,"position":4},"title":"QUAND L&rsquo;HEURE VAUT DE L&rsquo;OR","date":"11 juin 2018","format":false,"excerpt":"La bijouterie-horlogerie de Beaumont, nous passons devant la vitrine sans y pr\u00eater vraiment attention. Mais que savons-nous sur les personnes qui y travaillent\u00a0? \u00a0\u00a0Madame Lysiane Dutryl, g\u00e9rante, a accept\u00e9 de nous recevoir \u00a0afin de nous faire d\u00e9couvrir son univers en or. Propos recueillis par Maddy De Wachter- \u00e9l\u00e8ve de 3e\u2026","rel":"","context":"Dans &quot;En radio&quot;","img":{"alt_text":"","src":"https:\/\/i0.wp.com\/av.arbeaumont.eu\/wp-content\/uploads\/2018\/06\/photo-2.jpg?resize=350%2C200&ssl=1","width":350,"height":200},"classes":[]},{"id":856,"url":"https:\/\/av.arbeaumont.eu\/index.php\/2018\/06\/11\/l-art-du-snack\/","url_meta":{"origin":903,"position":5},"title":"IL A LA FRITE !","date":"11 juin 2018","format":false,"excerpt":"Lo\u00efs Cordisco, jeune restaurateur, tient la friterie du Parc, bien connue des habitants de la r\u00e9gion.\u00a0 Juste en face du parc de Beaumont, elle est appr\u00e9ci\u00e9e pour la qualit\u00e9 du service.\u00a0Nous sommes partis \u00e0 la rencontre du g\u00e9rant.\u00a0 Il nous d\u00e9crit ses journ\u00e9es, ses \u00e9tudes mais aussi les sp\u00e9cificit\u00e9s du\u2026","rel":"","context":"Dans &quot;En radio&quot;","img":{"alt_text":"","src":"https:\/\/i0.wp.com\/av.arbeaumont.eu\/wp-content\/uploads\/2018\/06\/portrait.jpg?resize=350%2C200&ssl=1","width":350,"height":200},"classes":[]}],"amp_enabled":true,"_links":{"self":[{"href":"https:\/\/av.arbeaumont.eu\/index.php\/wp-json\/wp\/v2\/posts\/903","targetHints":{"allow":["GET"]}}],"collection":[{"href":"https:\/\/av.arbeaumont.eu\/index.php\/wp-json\/wp\/v2\/posts"}],"about":[{"href":"https:\/\/av.arbeaumont.eu\/index.php\/wp-json\/wp\/v2\/types\/post"}],"author":[{"embeddable":true,"href":"https:\/\/av.arbeaumont.eu\/index.php\/wp-json\/wp\/v2\/users\/1"}],"replies":[{"embeddable":true,"href":"https:\/\/av.arbeaumont.eu\/index.php\/wp-json\/wp\/v2\/comments?post=903"}],"version-history":[{"count":6,"href":"https:\/\/av.arbeaumont.eu\/index.php\/wp-json\/wp\/v2\/posts\/903\/revisions"}],"predecessor-version":[{"id":1013,"href":"https:\/\/av.arbeaumont.eu\/index.php\/wp-json\/wp\/v2\/posts\/903\/revisions\/1013"}],"wp:featuredmedia":[{"embeddable":true,"href":"https:\/\/av.arbeaumont.eu\/index.php\/wp-json\/wp\/v2\/media\/914"}],"wp:attachment":[{"href":"https:\/\/av.arbeaumont.eu\/index.php\/wp-json\/wp\/v2\/media?parent=903"}],"wp:term":[{"taxonomy":"category","embeddable":true,"href":"https:\/\/av.arbeaumont.eu\/index.php\/wp-json\/wp\/v2\/categories?post=903"},{"taxonomy":"post_tag","embeddable":true,"href":"https:\/\/av.arbeaumont.eu\/index.php\/wp-json\/wp\/v2\/tags?post=903"}],"curies":[{"name":"wp","href":"https:\/\/api.w.org\/{rel}","templated":true}]}}