{"id":935,"date":"2018-03-11T21:45:16","date_gmt":"2018-03-11T20:45:16","guid":{"rendered":"https:\/\/av.arbeaumont.eu\/?p=935"},"modified":"2018-06-11T22:03:28","modified_gmt":"2018-06-11T20:03:28","slug":"la-section-audiovisuelle-filme-le-conseil-communal-de-beaumont","status":"publish","type":"post","link":"https:\/\/av.arbeaumont.eu\/index.php\/2018\/03\/11\/la-section-audiovisuelle-filme-le-conseil-communal-de-beaumont\/","title":{"rendered":"La section audiovisuelle filme le conseil communal de Beaumont"},"content":{"rendered":"<p><img loading=\"lazy\" decoding=\"async\" data-attachment-id=\"936\" data-permalink=\"https:\/\/av.arbeaumont.eu\/index.php\/2018\/03\/11\/la-section-audiovisuelle-filme-le-conseil-communal-de-beaumont\/capture-decran-2018-06-11-a-21-43-10\/\" data-orig-file=\"https:\/\/av.arbeaumont.eu\/wp-content\/uploads\/2018\/06\/Capture-d\u2019\u00e9cran-2018-06-11-\u00e0-21.43.10.png\" data-orig-size=\"2024,1582\" data-comments-opened=\"1\" data-image-meta=\"{&quot;aperture&quot;:&quot;0&quot;,&quot;credit&quot;:&quot;&quot;,&quot;camera&quot;:&quot;&quot;,&quot;caption&quot;:&quot;&quot;,&quot;created_timestamp&quot;:&quot;0&quot;,&quot;copyright&quot;:&quot;&quot;,&quot;focal_length&quot;:&quot;0&quot;,&quot;iso&quot;:&quot;0&quot;,&quot;shutter_speed&quot;:&quot;0&quot;,&quot;title&quot;:&quot;&quot;,&quot;orientation&quot;:&quot;0&quot;}\" data-image-title=\"Capture d\u2019\u00e9cran 2018-06-11 \u00e0 21.43.10\" data-image-description=\"\" data-image-caption=\"\" data-medium-file=\"https:\/\/av.arbeaumont.eu\/wp-content\/uploads\/2018\/06\/Capture-d\u2019\u00e9cran-2018-06-11-\u00e0-21.43.10-300x234.png\" data-large-file=\"https:\/\/av.arbeaumont.eu\/wp-content\/uploads\/2018\/06\/Capture-d\u2019\u00e9cran-2018-06-11-\u00e0-21.43.10-1024x800.png\" class=\" td-modal-image aligncenter wp-image-936 size-large\" src=\"https:\/\/av.arbeaumont.eu\/wp-content\/uploads\/2018\/06\/Capture-d\u2019\u00e9cran-2018-06-11-\u00e0-21.43.10-1024x800.png\" alt=\"\" width=\"696\" height=\"544\" srcset=\"https:\/\/av.arbeaumont.eu\/wp-content\/uploads\/2018\/06\/Capture-d\u2019\u00e9cran-2018-06-11-\u00e0-21.43.10-1024x800.png 1024w, https:\/\/av.arbeaumont.eu\/wp-content\/uploads\/2018\/06\/Capture-d\u2019\u00e9cran-2018-06-11-\u00e0-21.43.10-300x234.png 300w, https:\/\/av.arbeaumont.eu\/wp-content\/uploads\/2018\/06\/Capture-d\u2019\u00e9cran-2018-06-11-\u00e0-21.43.10-768x600.png 768w, https:\/\/av.arbeaumont.eu\/wp-content\/uploads\/2018\/06\/Capture-d\u2019\u00e9cran-2018-06-11-\u00e0-21.43.10-696x544.png 696w, https:\/\/av.arbeaumont.eu\/wp-content\/uploads\/2018\/06\/Capture-d\u2019\u00e9cran-2018-06-11-\u00e0-21.43.10-1068x835.png 1068w, https:\/\/av.arbeaumont.eu\/wp-content\/uploads\/2018\/06\/Capture-d\u2019\u00e9cran-2018-06-11-\u00e0-21.43.10-537x420.png 537w, https:\/\/av.arbeaumont.eu\/wp-content\/uploads\/2018\/06\/Capture-d\u2019\u00e9cran-2018-06-11-\u00e0-21.43.10.png 2024w\" sizes=\"auto, (max-width: 696px) 100vw, 696px\" \/><\/p>\n<p><a href=\"https:\/\/www.lavenir.net\/cnt\/dmf20180312_01138857\/le-conseil-est-desormais-en-ligne\">Lien vers l&rsquo;article de l&rsquo;AVENIR<\/a><\/p>\n","protected":false},"excerpt":{"rendered":"<p>Lien vers l&rsquo;article de l&rsquo;AVENIR<\/p>\n","protected":false},"author":1,"featured_media":936,"comment_status":"open","ping_status":"closed","sticky":false,"template":"","format":"standard","meta":{"jetpack_post_was_ever_published":false,"footnotes":""},"categories":[18],"tags":[],"class_list":{"0":"post-935","1":"post","2":"type-post","3":"status-publish","4":"format-standard","5":"has-post-thumbnail","7":"category-la-section-audiovisuel-dans-les-medias"},"jetpack_featured_media_url":"https:\/\/av.arbeaumont.eu\/wp-content\/uploads\/2018\/06\/Capture-d\u2019\u00e9cran-2018-06-11-\u00e0-21.43.10.png","jetpack_sharing_enabled":true,"jetpack_shortlink":"https:\/\/wp.me\/p8Dhaa-f5","jetpack_likes_enabled":true,"jetpack-related-posts":[{"id":932,"url":"https:\/\/av.arbeaumont.eu\/index.php\/2018\/04\/11\/la-section-audiovisuelle-met-en-ligne-le-conseil-communal-de-beaumont\/","url_meta":{"origin":935,"position":0},"title":"La section audiovisuelle met en ligne le conseil communal de Beaumont","date":"11 avril 2018","format":false,"excerpt":"Lien vers l'article du journal L'AVENIR","rel":"","context":"Dans &quot;La section audiovisuelle dans les m\u00e9dias&quot;","img":{"alt_text":"","src":"https:\/\/i0.wp.com\/av.arbeaumont.eu\/wp-content\/uploads\/2018\/06\/Capture-d\u2019\u00e9cran-2018-06-11-\u00e0-21.40.40.png?resize=350%2C200&ssl=1","width":350,"height":200},"classes":[]},{"id":939,"url":"https:\/\/av.arbeaumont.eu\/index.php\/2018\/02\/11\/le-conseil-communal-sur-le-web\/","url_meta":{"origin":935,"position":1},"title":"Le conseil communal sur le WEB?","date":"11 f\u00e9vrier 2018","format":false,"excerpt":"Lien vers l'article du journal L'AVENIR","rel":"","context":"Dans &quot;La section audiovisuelle dans les m\u00e9dias&quot;","img":{"alt_text":"","src":"https:\/\/i0.wp.com\/av.arbeaumont.eu\/wp-content\/uploads\/2018\/06\/Capture-d\u2019\u00e9cran-2018-06-11-\u00e0-21.48.23.png?resize=350%2C200&ssl=1","width":350,"height":200},"classes":[]},{"id":927,"url":"https:\/\/av.arbeaumont.eu\/index.php\/2018\/05\/11\/927\/","url_meta":{"origin":935,"position":2},"title":"Le documentaire sur Auschwitz \u00e0 la Une","date":"11 mai 2018","format":false,"excerpt":"\u00a0Lien vers l'article de l'Avenir.","rel":"","context":"Dans &quot;La section audiovisuelle dans les m\u00e9dias&quot;","img":{"alt_text":"","src":"https:\/\/i0.wp.com\/av.arbeaumont.eu\/wp-content\/uploads\/2018\/06\/Capture-d\u2019\u00e9cran-2018-06-11-\u00e0-21.33.32.png?resize=350%2C200&ssl=1","width":350,"height":200},"classes":[]},{"id":1009,"url":"https:\/\/av.arbeaumont.eu\/index.php\/2017\/06\/11\/la-ville-insolite-au-coeur-dun-webdocumentaire\/","url_meta":{"origin":935,"position":3},"title":"La ville insolite au coeur d&rsquo;un webdocumentaire","date":"11 juin 2017","format":false,"excerpt":"Lien vers l'article de L'AVENIR","rel":"","context":"Dans &quot;La section audiovisuelle dans les m\u00e9dias&quot;","img":{"alt_text":"","src":"https:\/\/i0.wp.com\/av.arbeaumont.eu\/wp-content\/uploads\/2018\/06\/Capture-d\u2019\u00e9cran-2018-06-11-\u00e0-22.32.47.png?resize=350%2C200&ssl=1","width":350,"height":200},"classes":[]},{"id":493,"url":"https:\/\/av.arbeaumont.eu\/index.php\/2017\/06\/19\/notre-web-documentaire-la-presse-en-parle\/","url_meta":{"origin":935,"position":4},"title":"Notre web documentaire, la presse en parle","date":"19 juin 2017","format":false,"excerpt":"Juin 2017, les 3e audiovisuel sont\u00a0mis \u00e0 l'honneur dans la presse gr\u00e2ce au web documentaire sur les c\u00f4t\u00e9s insolites de Beaumont. \u00a0Une page compl\u00e8te du journal leur est consacr\u00e9e. \u00a0Lire l'article sur le site de l'Avenir. http:\/\/www.lavenir.net\/cnt\/dmf20170618_01020011\/la-ville-insolite-au-coeur-d-un-webdocumentaire \u00a0","rel":"","context":"Dans &quot;La section audiovisuelle dans les m\u00e9dias&quot;","img":{"alt_text":"","src":"https:\/\/i0.wp.com\/av.arbeaumont.eu\/wp-content\/uploads\/2017\/06\/Capture-ecran-2017-06-19-\u00e0-12.46.09.png?resize=350%2C200&ssl=1","width":350,"height":200},"classes":[]},{"id":1006,"url":"https:\/\/av.arbeaumont.eu\/index.php\/2017\/05\/11\/notre-webdocumentaire-sur-telesambre\/","url_meta":{"origin":935,"position":5},"title":"Notre webdocumentaire sur T\u00e9l\u00e9sambre","date":"11 mai 2017","format":false,"excerpt":"Lien vers le reportage de T\u00e9l\u00e9sambre","rel":"","context":"Dans &quot;La section audiovisuelle dans les m\u00e9dias&quot;","img":{"alt_text":"","src":"https:\/\/i0.wp.com\/av.arbeaumont.eu\/wp-content\/uploads\/2018\/06\/Capture-d\u2019\u00e9cran-2018-06-11-\u00e0-22.28.31.png?resize=350%2C200&ssl=1","width":350,"height":200},"classes":[]}],"amp_enabled":true,"_links":{"self":[{"href":"https:\/\/av.arbeaumont.eu\/index.php\/wp-json\/wp\/v2\/posts\/935","targetHints":{"allow":["GET"]}}],"collection":[{"href":"https:\/\/av.arbeaumont.eu\/index.php\/wp-json\/wp\/v2\/posts"}],"about":[{"href":"https:\/\/av.arbeaumont.eu\/index.php\/wp-json\/wp\/v2\/types\/post"}],"author":[{"embeddable":true,"href":"https:\/\/av.arbeaumont.eu\/index.php\/wp-json\/wp\/v2\/users\/1"}],"replies":[{"embeddable":true,"href":"https:\/\/av.arbeaumont.eu\/index.php\/wp-json\/wp\/v2\/comments?post=935"}],"version-history":[{"count":1,"href":"https:\/\/av.arbeaumont.eu\/index.php\/wp-json\/wp\/v2\/posts\/935\/revisions"}],"predecessor-version":[{"id":937,"href":"https:\/\/av.arbeaumont.eu\/index.php\/wp-json\/wp\/v2\/posts\/935\/revisions\/937"}],"wp:featuredmedia":[{"embeddable":true,"href":"https:\/\/av.arbeaumont.eu\/index.php\/wp-json\/wp\/v2\/media\/936"}],"wp:attachment":[{"href":"https:\/\/av.arbeaumont.eu\/index.php\/wp-json\/wp\/v2\/media?parent=935"}],"wp:term":[{"taxonomy":"category","embeddable":true,"href":"https:\/\/av.arbeaumont.eu\/index.php\/wp-json\/wp\/v2\/categories?post=935"},{"taxonomy":"post_tag","embeddable":true,"href":"https:\/\/av.arbeaumont.eu\/index.php\/wp-json\/wp\/v2\/tags?post=935"}],"curies":[{"name":"wp","href":"https:\/\/api.w.org\/{rel}","templated":true}]}}