{"id":946,"date":"2018-06-11T22:23:57","date_gmt":"2018-06-11T20:23:57","guid":{"rendered":"https:\/\/av.arbeaumont.eu\/?p=946"},"modified":"2018-06-11T22:23:57","modified_gmt":"2018-06-11T20:23:57","slug":"les-eleves-de-5e-exposent-leurs-photos-sur-auschwitz","status":"publish","type":"post","link":"https:\/\/av.arbeaumont.eu\/index.php\/2018\/06\/11\/les-eleves-de-5e-exposent-leurs-photos-sur-auschwitz\/","title":{"rendered":"Les \u00e9l\u00e8ves de 5e exposent leurs photos sur Auschwitz"},"content":{"rendered":"<p>Outre le documentaire consacr\u00e9 \u00e0 la d\u00e9portation de Simone Veil \u00e0 Auschwitz, les \u00e9l\u00e8ves de 5e ont \u00e9galement r\u00e9alis\u00e9 de nombreuses photos sur place, des clich\u00e9s parfois prenants et interpellants sur cet ancien camp d&rsquo;extermination.<\/p>\n<p>Ils ont aussi voulu rendre compte de leur travail sur place en r\u00e9alisant un making of photographique.<\/p>\n\r\n                <style type=\"text\/css\">\r\n                    \r\n                    #tdi_1  .td-doubleSlider-2 .td-item1 {\r\n                        background: url(https:\/\/av.arbeaumont.eu\/wp-content\/uploads\/2018\/06\/Auschwitz-80x60.jpg) 0 0 no-repeat;\r\n                    }\r\n                    #tdi_1  .td-doubleSlider-2 .td-item2 {\r\n                        background: url(https:\/\/av.arbeaumont.eu\/wp-content\/uploads\/2018\/06\/Auschwitz-28-80x60.jpg) 0 0 no-repeat;\r\n                    }\r\n                    #tdi_1  .td-doubleSlider-2 .td-item3 {\r\n                        background: url(https:\/\/av.arbeaumont.eu\/wp-content\/uploads\/2018\/06\/Auschwitz-27-80x60.jpg) 0 0 no-repeat;\r\n                    }\r\n                    #tdi_1  .td-doubleSlider-2 .td-item4 {\r\n                        background: url(https:\/\/av.arbeaumont.eu\/wp-content\/uploads\/2018\/06\/Auschwitz-26-80x60.jpg) 0 0 no-repeat;\r\n                    }\r\n                    #tdi_1  .td-doubleSlider-2 .td-item5 {\r\n                        background: url(https:\/\/av.arbeaumont.eu\/wp-content\/uploads\/2018\/06\/Auschwitz-22-80x60.jpg) 0 0 no-repeat;\r\n                    }\r\n                    #tdi_1  .td-doubleSlider-2 .td-item6 {\r\n                        background: url(https:\/\/av.arbeaumont.eu\/wp-content\/uploads\/2018\/06\/Auschwitz-23-80x60.jpg) 0 0 no-repeat;\r\n                    }\r\n                    #tdi_1  .td-doubleSlider-2 .td-item7 {\r\n                        background: url(https:\/\/av.arbeaumont.eu\/wp-content\/uploads\/2018\/06\/Auschwitz-24-80x60.jpg) 0 0 no-repeat;\r\n                    }\r\n                    #tdi_1  .td-doubleSlider-2 .td-item8 {\r\n                        background: url(https:\/\/av.arbeaumont.eu\/wp-content\/uploads\/2018\/06\/Auschwitz-25-80x60.jpg) 0 0 no-repeat;\r\n                    }\r\n                    #tdi_1  .td-doubleSlider-2 .td-item9 {\r\n                        background: url(https:\/\/av.arbeaumont.eu\/wp-content\/uploads\/2018\/06\/Auschwitz-21-80x60.jpg) 0 0 no-repeat;\r\n                    }\r\n                    #tdi_1  .td-doubleSlider-2 .td-item10 {\r\n                        background: url(https:\/\/av.arbeaumont.eu\/wp-content\/uploads\/2018\/06\/Auschwitz-20-80x60.jpg) 0 0 no-repeat;\r\n                    }\r\n                    #tdi_1  .td-doubleSlider-2 .td-item11 {\r\n                        background: url(https:\/\/av.arbeaumont.eu\/wp-content\/uploads\/2018\/06\/Auschwitz-19-80x60.jpg) 0 0 no-repeat;\r\n                    }\r\n                    #tdi_1  .td-doubleSlider-2 .td-item12 {\r\n                        background: url(https:\/\/av.arbeaumont.eu\/wp-content\/uploads\/2018\/06\/Auschwitz-18-80x60.jpg) 0 0 no-repeat;\r\n                    }\r\n                    #tdi_1  .td-doubleSlider-2 .td-item13 {\r\n                        background: url(https:\/\/av.arbeaumont.eu\/wp-content\/uploads\/2018\/06\/Auschwitz-14-80x60.jpg) 0 0 no-repeat;\r\n                    }\r\n                    #tdi_1  .td-doubleSlider-2 .td-item14 {\r\n                        background: url(https:\/\/av.arbeaumont.eu\/wp-content\/uploads\/2018\/06\/Auschwitz-15-80x60.jpg) 0 0 no-repeat;\r\n                    }\r\n                    #tdi_1  .td-doubleSlider-2 .td-item15 {\r\n                        background: url(https:\/\/av.arbeaumont.eu\/wp-content\/uploads\/2018\/06\/Auschwitz-16-80x60.jpg) 0 0 no-repeat;\r\n                    }\r\n                    #tdi_1  .td-doubleSlider-2 .td-item16 {\r\n                        background: url(https:\/\/av.arbeaumont.eu\/wp-content\/uploads\/2018\/06\/Auschwitz-17-80x60.jpg) 0 0 no-repeat;\r\n                    }\r\n                    #tdi_1  .td-doubleSlider-2 .td-item17 {\r\n                        background: url(https:\/\/av.arbeaumont.eu\/wp-content\/uploads\/2018\/06\/Auschwitz-13-80x60.jpg) 0 0 no-repeat;\r\n                    }\r\n                    #tdi_1  .td-doubleSlider-2 .td-item18 {\r\n                        background: url(https:\/\/av.arbeaumont.eu\/wp-content\/uploads\/2018\/06\/Auschwitz-12-80x60.jpg) 0 0 no-repeat;\r\n                    }\r\n                    #tdi_1  .td-doubleSlider-2 .td-item19 {\r\n                        background: url(https:\/\/av.arbeaumont.eu\/wp-content\/uploads\/2018\/06\/Auschwitz-11-80x60.jpg) 0 0 no-repeat;\r\n                    }\r\n                    #tdi_1  .td-doubleSlider-2 .td-item20 {\r\n                        background: url(https:\/\/av.arbeaumont.eu\/wp-content\/uploads\/2018\/06\/Auschwitz-10-80x60.jpg) 0 0 no-repeat;\r\n                    }\r\n                    #tdi_1  .td-doubleSlider-2 .td-item21 {\r\n                        background: url(https:\/\/av.arbeaumont.eu\/wp-content\/uploads\/2018\/06\/Auschwitz-6-80x60.jpg) 0 0 no-repeat;\r\n                    }\r\n                    #tdi_1  .td-doubleSlider-2 .td-item22 {\r\n                        background: url(https:\/\/av.arbeaumont.eu\/wp-content\/uploads\/2018\/06\/Auschwitz-7-80x60.jpg) 0 0 no-repeat;\r\n                    }\r\n                    #tdi_1  .td-doubleSlider-2 .td-item23 {\r\n                        background: url(https:\/\/av.arbeaumont.eu\/wp-content\/uploads\/2018\/06\/Auschwitz-8-80x60.jpg) 0 0 no-repeat;\r\n                    }\r\n                    #tdi_1  .td-doubleSlider-2 .td-item24 {\r\n                        background: url(https:\/\/av.arbeaumont.eu\/wp-content\/uploads\/2018\/06\/Auschwitz-9-80x60.jpg) 0 0 no-repeat;\r\n                    }\r\n                    #tdi_1  .td-doubleSlider-2 .td-item25 {\r\n                        background: url(https:\/\/av.arbeaumont.eu\/wp-content\/uploads\/2018\/06\/Auschwitz-5-80x60.jpg) 0 0 no-repeat;\r\n                    }\r\n                    #tdi_1  .td-doubleSlider-2 .td-item26 {\r\n                        background: url(https:\/\/av.arbeaumont.eu\/wp-content\/uploads\/2018\/06\/Auschwitz-4-80x60.jpg) 0 0 no-repeat;\r\n                    }\r\n                    #tdi_1  .td-doubleSlider-2 .td-item27 {\r\n                        background: url(https:\/\/av.arbeaumont.eu\/wp-content\/uploads\/2018\/06\/Auschwitz-3-80x60.jpg) 0 0 no-repeat;\r\n                    }\r\n                    #tdi_1  .td-doubleSlider-2 .td-item28 {\r\n                        background: url(https:\/\/av.arbeaumont.eu\/wp-content\/uploads\/2018\/06\/Auschwitz-2-1-80x60.jpg) 0 0 no-repeat;\r\n                    }\r\n                    #tdi_1  .td-doubleSlider-2 .td-item29 {\r\n                        background: url(https:\/\/av.arbeaumont.eu\/wp-content\/uploads\/2018\/06\/Auschwitz-2-26-80x60.jpg) 0 0 no-repeat;\r\n                    }\r\n                    #tdi_1  .td-doubleSlider-2 .td-item30 {\r\n                        background: url(https:\/\/av.arbeaumont.eu\/wp-content\/uploads\/2018\/06\/Auschwitz-2-27-80x60.jpg) 0 0 no-repeat;\r\n                    }\r\n                    #tdi_1  .td-doubleSlider-2 .td-item31 {\r\n                        background: url(https:\/\/av.arbeaumont.eu\/wp-content\/uploads\/2018\/06\/Auschwitz-2-28-80x60.jpg) 0 0 no-repeat;\r\n                    }\r\n                    #tdi_1  .td-doubleSlider-2 .td-item32 {\r\n                        background: url(https:\/\/av.arbeaumont.eu\/wp-content\/uploads\/2018\/06\/Auschwitz-2-80x60.jpg) 0 0 no-repeat;\r\n                    }\r\n                    #tdi_1  .td-doubleSlider-2 .td-item33 {\r\n                        background: url(https:\/\/av.arbeaumont.eu\/wp-content\/uploads\/2018\/06\/Auschwitz-2-25-80x60.jpg) 0 0 no-repeat;\r\n                    }\r\n                    #tdi_1  .td-doubleSlider-2 .td-item34 {\r\n                        background: url(https:\/\/av.arbeaumont.eu\/wp-content\/uploads\/2018\/06\/Auschwitz-2-24-80x60.jpg) 0 0 no-repeat;\r\n                    }\r\n                    #tdi_1  .td-doubleSlider-2 .td-item35 {\r\n                        background: url(https:\/\/av.arbeaumont.eu\/wp-content\/uploads\/2018\/06\/Auschwitz-2-23-80x60.jpg) 0 0 no-repeat;\r\n                    }\r\n                    #tdi_1  .td-doubleSlider-2 .td-item36 {\r\n                        background: url(https:\/\/av.arbeaumont.eu\/wp-content\/uploads\/2018\/06\/Auschwitz-2-22-80x60.jpg) 0 0 no-repeat;\r\n                    }\r\n                    #tdi_1  .td-doubleSlider-2 .td-item37 {\r\n                        background: url(https:\/\/av.arbeaumont.eu\/wp-content\/uploads\/2018\/06\/Auschwitz-2-18-80x60.jpg) 0 0 no-repeat;\r\n                    }\r\n                    #tdi_1  .td-doubleSlider-2 .td-item38 {\r\n                        background: url(https:\/\/av.arbeaumont.eu\/wp-content\/uploads\/2018\/06\/Auschwitz-2-19-80x60.jpg) 0 0 no-repeat;\r\n                    }\r\n                    #tdi_1  .td-doubleSlider-2 .td-item39 {\r\n                        background: url(https:\/\/av.arbeaumont.eu\/wp-content\/uploads\/2018\/06\/Auschwitz-2-20-80x60.jpg) 0 0 no-repeat;\r\n                    }\r\n                    #tdi_1  .td-doubleSlider-2 .td-item40 {\r\n                        background: url(https:\/\/av.arbeaumont.eu\/wp-content\/uploads\/2018\/06\/Auschwitz-2-21-80x60.jpg) 0 0 no-repeat;\r\n                    }\r\n                    #tdi_1  .td-doubleSlider-2 .td-item41 {\r\n                        background: url(https:\/\/av.arbeaumont.eu\/wp-content\/uploads\/2018\/06\/Auschwitz-2-17-80x60.jpg) 0 0 no-repeat;\r\n                    }\r\n                    #tdi_1  .td-doubleSlider-2 .td-item42 {\r\n                        background: url(https:\/\/av.arbeaumont.eu\/wp-content\/uploads\/2018\/06\/Auschwitz-2-16-80x60.jpg) 0 0 no-repeat;\r\n                    }\r\n                    #tdi_1  .td-doubleSlider-2 .td-item43 {\r\n                        background: url(https:\/\/av.arbeaumont.eu\/wp-content\/uploads\/2018\/06\/Auschwitz-2-15-80x60.jpg) 0 0 no-repeat;\r\n                    }\r\n                    #tdi_1  .td-doubleSlider-2 .td-item44 {\r\n                        background: url(https:\/\/av.arbeaumont.eu\/wp-content\/uploads\/2018\/06\/Auschwitz-2-14-80x60.jpg) 0 0 no-repeat;\r\n                    }\r\n                    #tdi_1  .td-doubleSlider-2 .td-item45 {\r\n                        background: url(https:\/\/av.arbeaumont.eu\/wp-content\/uploads\/2018\/06\/Auschwitz-2-10-80x60.jpg) 0 0 no-repeat;\r\n                    }\r\n                    #tdi_1  .td-doubleSlider-2 .td-item46 {\r\n                        background: url(https:\/\/av.arbeaumont.eu\/wp-content\/uploads\/2018\/06\/Auschwitz-2-13-80x60.jpg) 0 0 no-repeat;\r\n                    }\r\n                    #tdi_1  .td-doubleSlider-2 .td-item47 {\r\n                        background: url(https:\/\/av.arbeaumont.eu\/wp-content\/uploads\/2018\/06\/Auschwitz-2-12-80x60.jpg) 0 0 no-repeat;\r\n                    }\r\n                    #tdi_1  .td-doubleSlider-2 .td-item48 {\r\n                        background: url(https:\/\/av.arbeaumont.eu\/wp-content\/uploads\/2018\/06\/Auschwitz-2-7-80x60.jpg) 0 0 no-repeat;\r\n                    }\r\n                    #tdi_1  .td-doubleSlider-2 .td-item49 {\r\n                        background: url(https:\/\/av.arbeaumont.eu\/wp-content\/uploads\/2018\/06\/Auschwitz-2-8-80x60.jpg) 0 0 no-repeat;\r\n                    }\r\n                    #tdi_1  .td-doubleSlider-2 .td-item50 {\r\n                        background: url(https:\/\/av.arbeaumont.eu\/wp-content\/uploads\/2018\/06\/Auschwitz-2-11-80x60.jpg) 0 0 no-repeat;\r\n                    }\r\n                    #tdi_1  .td-doubleSlider-2 .td-item51 {\r\n                        background: url(https:\/\/av.arbeaumont.eu\/wp-content\/uploads\/2018\/06\/Auschwitz-2-6-80x60.jpg) 0 0 no-repeat;\r\n                    }\r\n                    #tdi_1  .td-doubleSlider-2 .td-item52 {\r\n                        background: url(https:\/\/av.arbeaumont.eu\/wp-content\/uploads\/2018\/06\/Auschwitz-2-9-80x60.jpg) 0 0 no-repeat;\r\n                    }\r\n                    #tdi_1  .td-doubleSlider-2 .td-item53 {\r\n                        background: url(https:\/\/av.arbeaumont.eu\/wp-content\/uploads\/2018\/06\/Auschwitz-2-5-80x60.jpg) 0 0 no-repeat;\r\n                    }\r\n                    #tdi_1  .td-doubleSlider-2 .td-item54 {\r\n                        background: url(https:\/\/av.arbeaumont.eu\/wp-content\/uploads\/2018\/06\/Auschwitz-2-3-80x60.jpg) 0 0 no-repeat;\r\n                    }\r\n                    #tdi_1  .td-doubleSlider-2 .td-item55 {\r\n                        background: url(https:\/\/av.arbeaumont.eu\/wp-content\/uploads\/2018\/06\/Auschwitz-2-2-80x60.jpg) 0 0 no-repeat;\r\n                    }\r\n                    #tdi_1  .td-doubleSlider-2 .td-item56 {\r\n                        background: url(https:\/\/av.arbeaumont.eu\/wp-content\/uploads\/2018\/06\/Auschwitz-2-4-80x60.jpg) 0 0 no-repeat;\r\n                    }\r\n                <\/style>\r\n\r\n                <div id=\"tdi_1\" class=\"td-gallery td-slide-on-2-columns\">\r\n                    <div class=\"post_td_gallery\">\r\n                        <div class=\"td-gallery-slide-top\">\r\n                           <div class=\"td-gallery-title\"><\/div>\r\n\r\n                            <div class=\"td-gallery-controls-wrapper\">\r\n                                <div class=\"td-gallery-slide-count\"><span class=\"td-gallery-slide-item-focus\">1<\/span> de 56<\/div>\r\n                                <div class=\"td-gallery-slide-prev-next-but\">\r\n                                    <i class = \"td-icon-left doubleSliderPrevButton\"><\/i>\r\n                                    <i class = \"td-icon-right doubleSliderNextButton\"><\/i>\r\n                                <\/div>\r\n                            <\/div>\r\n                        <\/div>\r\n\r\n                        <div class = \"td-doubleSlider-1 \">\r\n                            <div class = \"td-slider\">\r\n                                \r\n                    <div class = \"td-slide-item td-item1\">\r\n                        <figure class=\"td-slide-galery-figure td-slide-popup-gallery\">\r\n                            <a class=\"slide-gallery-image-link\" href=\"https:\/\/av.arbeaumont.eu\/wp-content\/uploads\/2018\/06\/Auschwitz.jpg\" title=\"Auschwitz\"  data-caption=\"\"  data-description=\"\">\r\n                                <img decoding=\"async\" src=\"https:\/\/av.arbeaumont.eu\/wp-content\/uploads\/2018\/06\/Auschwitz-630x420.jpg\" srcset=\"https:\/\/av.arbeaumont.eu\/wp-content\/uploads\/2018\/06\/Auschwitz-630x420.jpg 630w, https:\/\/av.arbeaumont.eu\/wp-content\/uploads\/2018\/06\/Auschwitz-300x200.jpg 300w, https:\/\/av.arbeaumont.eu\/wp-content\/uploads\/2018\/06\/Auschwitz-768x512.jpg 768w, https:\/\/av.arbeaumont.eu\/wp-content\/uploads\/2018\/06\/Auschwitz-1024x683.jpg 1024w, https:\/\/av.arbeaumont.eu\/wp-content\/uploads\/2018\/06\/Auschwitz-696x464.jpg 696w, https:\/\/av.arbeaumont.eu\/wp-content\/uploads\/2018\/06\/Auschwitz-1068x712.jpg 1068w, https:\/\/av.arbeaumont.eu\/wp-content\/uploads\/2018\/06\/Auschwitz.jpg 2048w\" sizes=\"(max-width: 630px) 100vw, 630px\" alt=\"\">\r\n                            <\/a>\r\n                            \r\n                        <\/figure>\r\n                    <\/div>\r\n                    <div class = \"td-slide-item td-item2\">\r\n                        <figure class=\"td-slide-galery-figure td-slide-popup-gallery\">\r\n                            <a class=\"slide-gallery-image-link\" href=\"https:\/\/av.arbeaumont.eu\/wp-content\/uploads\/2018\/06\/Auschwitz-28.jpg\" title=\"Auschwitz-28\"  data-caption=\"\"  data-description=\"\">\r\n                                <img decoding=\"async\" src=\"https:\/\/av.arbeaumont.eu\/wp-content\/uploads\/2018\/06\/Auschwitz-28-630x420.jpg\" srcset=\"https:\/\/av.arbeaumont.eu\/wp-content\/uploads\/2018\/06\/Auschwitz-28-630x420.jpg 630w, https:\/\/av.arbeaumont.eu\/wp-content\/uploads\/2018\/06\/Auschwitz-28-300x200.jpg 300w, https:\/\/av.arbeaumont.eu\/wp-content\/uploads\/2018\/06\/Auschwitz-28-768x512.jpg 768w, https:\/\/av.arbeaumont.eu\/wp-content\/uploads\/2018\/06\/Auschwitz-28-1024x683.jpg 1024w, https:\/\/av.arbeaumont.eu\/wp-content\/uploads\/2018\/06\/Auschwitz-28-696x464.jpg 696w, https:\/\/av.arbeaumont.eu\/wp-content\/uploads\/2018\/06\/Auschwitz-28-1068x712.jpg 1068w, https:\/\/av.arbeaumont.eu\/wp-content\/uploads\/2018\/06\/Auschwitz-28.jpg 2048w\" sizes=\"(max-width: 630px) 100vw, 630px\" alt=\"\">\r\n                            <\/a>\r\n                            \r\n                        <\/figure>\r\n                    <\/div>\r\n                    <div class = \"td-slide-item td-item3\">\r\n                        <figure class=\"td-slide-galery-figure td-slide-popup-gallery\">\r\n                            <a class=\"slide-gallery-image-link\" href=\"https:\/\/av.arbeaumont.eu\/wp-content\/uploads\/2018\/06\/Auschwitz-27.jpg\" title=\"Auschwitz-27\"  data-caption=\"\"  data-description=\"\">\r\n                                <img decoding=\"async\" src=\"https:\/\/av.arbeaumont.eu\/wp-content\/uploads\/2018\/06\/Auschwitz-27-630x420.jpg\" srcset=\"https:\/\/av.arbeaumont.eu\/wp-content\/uploads\/2018\/06\/Auschwitz-27-630x420.jpg 630w, https:\/\/av.arbeaumont.eu\/wp-content\/uploads\/2018\/06\/Auschwitz-27-300x200.jpg 300w, https:\/\/av.arbeaumont.eu\/wp-content\/uploads\/2018\/06\/Auschwitz-27-768x512.jpg 768w, https:\/\/av.arbeaumont.eu\/wp-content\/uploads\/2018\/06\/Auschwitz-27-1024x683.jpg 1024w, https:\/\/av.arbeaumont.eu\/wp-content\/uploads\/2018\/06\/Auschwitz-27-696x464.jpg 696w, https:\/\/av.arbeaumont.eu\/wp-content\/uploads\/2018\/06\/Auschwitz-27-1068x712.jpg 1068w, https:\/\/av.arbeaumont.eu\/wp-content\/uploads\/2018\/06\/Auschwitz-27.jpg 2048w\" sizes=\"(max-width: 630px) 100vw, 630px\" alt=\"\">\r\n                            <\/a>\r\n                            \r\n                        <\/figure>\r\n                    <\/div>\r\n                    <div class = \"td-slide-item td-item4\">\r\n                        <figure class=\"td-slide-galery-figure td-slide-popup-gallery\">\r\n                            <a class=\"slide-gallery-image-link\" href=\"https:\/\/av.arbeaumont.eu\/wp-content\/uploads\/2018\/06\/Auschwitz-26.jpg\" title=\"Auschwitz-26\"  data-caption=\"\"  data-description=\"\">\r\n                                <img decoding=\"async\" src=\"https:\/\/av.arbeaumont.eu\/wp-content\/uploads\/2018\/06\/Auschwitz-26-630x420.jpg\" srcset=\"https:\/\/av.arbeaumont.eu\/wp-content\/uploads\/2018\/06\/Auschwitz-26-630x420.jpg 630w, https:\/\/av.arbeaumont.eu\/wp-content\/uploads\/2018\/06\/Auschwitz-26-300x200.jpg 300w, https:\/\/av.arbeaumont.eu\/wp-content\/uploads\/2018\/06\/Auschwitz-26-768x512.jpg 768w, https:\/\/av.arbeaumont.eu\/wp-content\/uploads\/2018\/06\/Auschwitz-26-1024x683.jpg 1024w, https:\/\/av.arbeaumont.eu\/wp-content\/uploads\/2018\/06\/Auschwitz-26-696x464.jpg 696w, https:\/\/av.arbeaumont.eu\/wp-content\/uploads\/2018\/06\/Auschwitz-26-1068x712.jpg 1068w, https:\/\/av.arbeaumont.eu\/wp-content\/uploads\/2018\/06\/Auschwitz-26.jpg 2048w\" sizes=\"(max-width: 630px) 100vw, 630px\" alt=\"\">\r\n                            <\/a>\r\n                            \r\n                        <\/figure>\r\n                    <\/div>\r\n                    <div class = \"td-slide-item td-item5\">\r\n                        <figure class=\"td-slide-galery-figure td-slide-popup-gallery\">\r\n                            <a class=\"slide-gallery-image-link\" href=\"https:\/\/av.arbeaumont.eu\/wp-content\/uploads\/2018\/06\/Auschwitz-22.jpg\" title=\"Auschwitz-22\"  data-caption=\"\"  data-description=\"\">\r\n                                <img decoding=\"async\" src=\"https:\/\/av.arbeaumont.eu\/wp-content\/uploads\/2018\/06\/Auschwitz-22-559x420.jpg\" srcset=\"https:\/\/av.arbeaumont.eu\/wp-content\/uploads\/2018\/06\/Auschwitz-22-559x420.jpg 559w, https:\/\/av.arbeaumont.eu\/wp-content\/uploads\/2018\/06\/Auschwitz-22-300x225.jpg 300w, https:\/\/av.arbeaumont.eu\/wp-content\/uploads\/2018\/06\/Auschwitz-22-768x577.jpg 768w, https:\/\/av.arbeaumont.eu\/wp-content\/uploads\/2018\/06\/Auschwitz-22-1024x769.jpg 1024w, https:\/\/av.arbeaumont.eu\/wp-content\/uploads\/2018\/06\/Auschwitz-22-80x60.jpg 80w, https:\/\/av.arbeaumont.eu\/wp-content\/uploads\/2018\/06\/Auschwitz-22-265x198.jpg 265w, https:\/\/av.arbeaumont.eu\/wp-content\/uploads\/2018\/06\/Auschwitz-22-696x523.jpg 696w, https:\/\/av.arbeaumont.eu\/wp-content\/uploads\/2018\/06\/Auschwitz-22-1068x802.jpg 1068w, https:\/\/av.arbeaumont.eu\/wp-content\/uploads\/2018\/06\/Auschwitz-22.jpg 2048w\" sizes=\"(max-width: 559px) 100vw, 559px\" alt=\"\">\r\n                            <\/a>\r\n                            \r\n                        <\/figure>\r\n                    <\/div>\r\n                    <div class = \"td-slide-item td-item6\">\r\n                        <figure class=\"td-slide-galery-figure td-slide-popup-gallery\">\r\n                            <a class=\"slide-gallery-image-link\" href=\"https:\/\/av.arbeaumont.eu\/wp-content\/uploads\/2018\/06\/Auschwitz-23.jpg\" title=\"Auschwitz-23\"  data-caption=\"\"  data-description=\"\">\r\n                                <img decoding=\"async\" src=\"https:\/\/av.arbeaumont.eu\/wp-content\/uploads\/2018\/06\/Auschwitz-23-559x420.jpg\" srcset=\"https:\/\/av.arbeaumont.eu\/wp-content\/uploads\/2018\/06\/Auschwitz-23-559x420.jpg 559w, https:\/\/av.arbeaumont.eu\/wp-content\/uploads\/2018\/06\/Auschwitz-23-300x225.jpg 300w, https:\/\/av.arbeaumont.eu\/wp-content\/uploads\/2018\/06\/Auschwitz-23-768x577.jpg 768w, https:\/\/av.arbeaumont.eu\/wp-content\/uploads\/2018\/06\/Auschwitz-23-1024x769.jpg 1024w, https:\/\/av.arbeaumont.eu\/wp-content\/uploads\/2018\/06\/Auschwitz-23-80x60.jpg 80w, https:\/\/av.arbeaumont.eu\/wp-content\/uploads\/2018\/06\/Auschwitz-23-265x198.jpg 265w, https:\/\/av.arbeaumont.eu\/wp-content\/uploads\/2018\/06\/Auschwitz-23-696x523.jpg 696w, https:\/\/av.arbeaumont.eu\/wp-content\/uploads\/2018\/06\/Auschwitz-23-1068x802.jpg 1068w, https:\/\/av.arbeaumont.eu\/wp-content\/uploads\/2018\/06\/Auschwitz-23.jpg 2048w\" sizes=\"(max-width: 559px) 100vw, 559px\" alt=\"\">\r\n                            <\/a>\r\n                            \r\n                        <\/figure>\r\n                    <\/div>\r\n                    <div class = \"td-slide-item td-item7\">\r\n                        <figure class=\"td-slide-galery-figure td-slide-popup-gallery\">\r\n                            <a class=\"slide-gallery-image-link\" href=\"https:\/\/av.arbeaumont.eu\/wp-content\/uploads\/2018\/06\/Auschwitz-24.jpg\" title=\"Auschwitz-24\"  data-caption=\"\"  data-description=\"\">\r\n                                <img decoding=\"async\" src=\"https:\/\/av.arbeaumont.eu\/wp-content\/uploads\/2018\/06\/Auschwitz-24-630x420.jpg\" srcset=\"https:\/\/av.arbeaumont.eu\/wp-content\/uploads\/2018\/06\/Auschwitz-24-630x420.jpg 630w, https:\/\/av.arbeaumont.eu\/wp-content\/uploads\/2018\/06\/Auschwitz-24-300x200.jpg 300w, https:\/\/av.arbeaumont.eu\/wp-content\/uploads\/2018\/06\/Auschwitz-24-768x512.jpg 768w, https:\/\/av.arbeaumont.eu\/wp-content\/uploads\/2018\/06\/Auschwitz-24-1024x683.jpg 1024w, https:\/\/av.arbeaumont.eu\/wp-content\/uploads\/2018\/06\/Auschwitz-24-696x464.jpg 696w, https:\/\/av.arbeaumont.eu\/wp-content\/uploads\/2018\/06\/Auschwitz-24-1068x712.jpg 1068w, https:\/\/av.arbeaumont.eu\/wp-content\/uploads\/2018\/06\/Auschwitz-24.jpg 2048w\" sizes=\"(max-width: 630px) 100vw, 630px\" alt=\"\">\r\n                            <\/a>\r\n                            \r\n                        <\/figure>\r\n                    <\/div>\r\n                    <div class = \"td-slide-item td-item8\">\r\n                        <figure class=\"td-slide-galery-figure td-slide-popup-gallery\">\r\n                            <a class=\"slide-gallery-image-link\" href=\"https:\/\/av.arbeaumont.eu\/wp-content\/uploads\/2018\/06\/Auschwitz-25.jpg\" title=\"Auschwitz-25\"  data-caption=\"\"  data-description=\"\">\r\n                                <img decoding=\"async\" src=\"https:\/\/av.arbeaumont.eu\/wp-content\/uploads\/2018\/06\/Auschwitz-25-630x420.jpg\" srcset=\"https:\/\/av.arbeaumont.eu\/wp-content\/uploads\/2018\/06\/Auschwitz-25-630x420.jpg 630w, https:\/\/av.arbeaumont.eu\/wp-content\/uploads\/2018\/06\/Auschwitz-25-300x200.jpg 300w, https:\/\/av.arbeaumont.eu\/wp-content\/uploads\/2018\/06\/Auschwitz-25-768x512.jpg 768w, https:\/\/av.arbeaumont.eu\/wp-content\/uploads\/2018\/06\/Auschwitz-25-1024x683.jpg 1024w, https:\/\/av.arbeaumont.eu\/wp-content\/uploads\/2018\/06\/Auschwitz-25-696x464.jpg 696w, https:\/\/av.arbeaumont.eu\/wp-content\/uploads\/2018\/06\/Auschwitz-25-1068x712.jpg 1068w, https:\/\/av.arbeaumont.eu\/wp-content\/uploads\/2018\/06\/Auschwitz-25.jpg 2048w\" sizes=\"(max-width: 630px) 100vw, 630px\" alt=\"\">\r\n                            <\/a>\r\n                            \r\n                        <\/figure>\r\n                    <\/div>\r\n                    <div class = \"td-slide-item td-item9\">\r\n                        <figure class=\"td-slide-galery-figure td-slide-popup-gallery\">\r\n                            <a class=\"slide-gallery-image-link\" href=\"https:\/\/av.arbeaumont.eu\/wp-content\/uploads\/2018\/06\/Auschwitz-21.jpg\" title=\"Auschwitz-21\"  data-caption=\"\"  data-description=\"\">\r\n                                <img decoding=\"async\" src=\"https:\/\/av.arbeaumont.eu\/wp-content\/uploads\/2018\/06\/Auschwitz-21-559x420.jpg\" srcset=\"https:\/\/av.arbeaumont.eu\/wp-content\/uploads\/2018\/06\/Auschwitz-21-559x420.jpg 559w, https:\/\/av.arbeaumont.eu\/wp-content\/uploads\/2018\/06\/Auschwitz-21-300x225.jpg 300w, https:\/\/av.arbeaumont.eu\/wp-content\/uploads\/2018\/06\/Auschwitz-21-768x577.jpg 768w, https:\/\/av.arbeaumont.eu\/wp-content\/uploads\/2018\/06\/Auschwitz-21-1024x769.jpg 1024w, https:\/\/av.arbeaumont.eu\/wp-content\/uploads\/2018\/06\/Auschwitz-21-80x60.jpg 80w, https:\/\/av.arbeaumont.eu\/wp-content\/uploads\/2018\/06\/Auschwitz-21-265x198.jpg 265w, https:\/\/av.arbeaumont.eu\/wp-content\/uploads\/2018\/06\/Auschwitz-21-696x523.jpg 696w, https:\/\/av.arbeaumont.eu\/wp-content\/uploads\/2018\/06\/Auschwitz-21-1068x802.jpg 1068w, https:\/\/av.arbeaumont.eu\/wp-content\/uploads\/2018\/06\/Auschwitz-21.jpg 2048w\" sizes=\"(max-width: 559px) 100vw, 559px\" alt=\"\">\r\n                            <\/a>\r\n                            \r\n                        <\/figure>\r\n                    <\/div>\r\n                    <div class = \"td-slide-item td-item10\">\r\n                        <figure class=\"td-slide-galery-figure td-slide-popup-gallery\">\r\n                            <a class=\"slide-gallery-image-link\" href=\"https:\/\/av.arbeaumont.eu\/wp-content\/uploads\/2018\/06\/Auschwitz-20.jpg\" title=\"Auschwitz-20\"  data-caption=\"\"  data-description=\"\">\r\n                                <img decoding=\"async\" src=\"https:\/\/av.arbeaumont.eu\/wp-content\/uploads\/2018\/06\/Auschwitz-20-559x420.jpg\" srcset=\"https:\/\/av.arbeaumont.eu\/wp-content\/uploads\/2018\/06\/Auschwitz-20-559x420.jpg 559w, https:\/\/av.arbeaumont.eu\/wp-content\/uploads\/2018\/06\/Auschwitz-20-300x225.jpg 300w, https:\/\/av.arbeaumont.eu\/wp-content\/uploads\/2018\/06\/Auschwitz-20-768x577.jpg 768w, https:\/\/av.arbeaumont.eu\/wp-content\/uploads\/2018\/06\/Auschwitz-20-1024x769.jpg 1024w, https:\/\/av.arbeaumont.eu\/wp-content\/uploads\/2018\/06\/Auschwitz-20-80x60.jpg 80w, https:\/\/av.arbeaumont.eu\/wp-content\/uploads\/2018\/06\/Auschwitz-20-265x198.jpg 265w, https:\/\/av.arbeaumont.eu\/wp-content\/uploads\/2018\/06\/Auschwitz-20-696x523.jpg 696w, https:\/\/av.arbeaumont.eu\/wp-content\/uploads\/2018\/06\/Auschwitz-20-1068x802.jpg 1068w, https:\/\/av.arbeaumont.eu\/wp-content\/uploads\/2018\/06\/Auschwitz-20.jpg 2048w\" sizes=\"(max-width: 559px) 100vw, 559px\" alt=\"\">\r\n                            <\/a>\r\n                            \r\n                        <\/figure>\r\n                    <\/div>\r\n                    <div class = \"td-slide-item td-item11\">\r\n                        <figure class=\"td-slide-galery-figure td-slide-popup-gallery\">\r\n                            <a class=\"slide-gallery-image-link\" href=\"https:\/\/av.arbeaumont.eu\/wp-content\/uploads\/2018\/06\/Auschwitz-19.jpg\" title=\"Auschwitz-19\"  data-caption=\"\"  data-description=\"\">\r\n                                <img decoding=\"async\" src=\"https:\/\/av.arbeaumont.eu\/wp-content\/uploads\/2018\/06\/Auschwitz-19-630x420.jpg\" srcset=\"https:\/\/av.arbeaumont.eu\/wp-content\/uploads\/2018\/06\/Auschwitz-19-630x420.jpg 630w, https:\/\/av.arbeaumont.eu\/wp-content\/uploads\/2018\/06\/Auschwitz-19-300x200.jpg 300w, https:\/\/av.arbeaumont.eu\/wp-content\/uploads\/2018\/06\/Auschwitz-19-768x512.jpg 768w, https:\/\/av.arbeaumont.eu\/wp-content\/uploads\/2018\/06\/Auschwitz-19-1024x683.jpg 1024w, https:\/\/av.arbeaumont.eu\/wp-content\/uploads\/2018\/06\/Auschwitz-19-696x464.jpg 696w, https:\/\/av.arbeaumont.eu\/wp-content\/uploads\/2018\/06\/Auschwitz-19-1068x712.jpg 1068w, https:\/\/av.arbeaumont.eu\/wp-content\/uploads\/2018\/06\/Auschwitz-19.jpg 2048w\" sizes=\"(max-width: 630px) 100vw, 630px\" alt=\"\">\r\n                            <\/a>\r\n                            \r\n                        <\/figure>\r\n                    <\/div>\r\n                    <div class = \"td-slide-item td-item12\">\r\n                        <figure class=\"td-slide-galery-figure td-slide-popup-gallery\">\r\n                            <a class=\"slide-gallery-image-link\" href=\"https:\/\/av.arbeaumont.eu\/wp-content\/uploads\/2018\/06\/Auschwitz-18.jpg\" title=\"Auschwitz-18\"  data-caption=\"\"  data-description=\"\">\r\n                                <img decoding=\"async\" src=\"https:\/\/av.arbeaumont.eu\/wp-content\/uploads\/2018\/06\/Auschwitz-18-630x420.jpg\" srcset=\"https:\/\/av.arbeaumont.eu\/wp-content\/uploads\/2018\/06\/Auschwitz-18-630x420.jpg 630w, https:\/\/av.arbeaumont.eu\/wp-content\/uploads\/2018\/06\/Auschwitz-18-300x200.jpg 300w, https:\/\/av.arbeaumont.eu\/wp-content\/uploads\/2018\/06\/Auschwitz-18-768x512.jpg 768w, https:\/\/av.arbeaumont.eu\/wp-content\/uploads\/2018\/06\/Auschwitz-18-1024x683.jpg 1024w, https:\/\/av.arbeaumont.eu\/wp-content\/uploads\/2018\/06\/Auschwitz-18-696x464.jpg 696w, https:\/\/av.arbeaumont.eu\/wp-content\/uploads\/2018\/06\/Auschwitz-18-1068x712.jpg 1068w, https:\/\/av.arbeaumont.eu\/wp-content\/uploads\/2018\/06\/Auschwitz-18.jpg 2048w\" sizes=\"(max-width: 630px) 100vw, 630px\" alt=\"\">\r\n                            <\/a>\r\n                            \r\n                        <\/figure>\r\n                    <\/div>\r\n                    <div class = \"td-slide-item td-item13\">\r\n                        <figure class=\"td-slide-galery-figure td-slide-popup-gallery\">\r\n                            <a class=\"slide-gallery-image-link\" href=\"https:\/\/av.arbeaumont.eu\/wp-content\/uploads\/2018\/06\/Auschwitz-14.jpg\" title=\"Auschwitz-14\"  data-caption=\"\"  data-description=\"\">\r\n                                <img decoding=\"async\" src=\"https:\/\/av.arbeaumont.eu\/wp-content\/uploads\/2018\/06\/Auschwitz-14-559x420.jpg\" srcset=\"https:\/\/av.arbeaumont.eu\/wp-content\/uploads\/2018\/06\/Auschwitz-14-559x420.jpg 559w, https:\/\/av.arbeaumont.eu\/wp-content\/uploads\/2018\/06\/Auschwitz-14-300x225.jpg 300w, https:\/\/av.arbeaumont.eu\/wp-content\/uploads\/2018\/06\/Auschwitz-14-768x577.jpg 768w, https:\/\/av.arbeaumont.eu\/wp-content\/uploads\/2018\/06\/Auschwitz-14-1024x769.jpg 1024w, https:\/\/av.arbeaumont.eu\/wp-content\/uploads\/2018\/06\/Auschwitz-14-80x60.jpg 80w, https:\/\/av.arbeaumont.eu\/wp-content\/uploads\/2018\/06\/Auschwitz-14-265x198.jpg 265w, https:\/\/av.arbeaumont.eu\/wp-content\/uploads\/2018\/06\/Auschwitz-14-696x523.jpg 696w, https:\/\/av.arbeaumont.eu\/wp-content\/uploads\/2018\/06\/Auschwitz-14-1068x802.jpg 1068w, https:\/\/av.arbeaumont.eu\/wp-content\/uploads\/2018\/06\/Auschwitz-14.jpg 2048w\" sizes=\"(max-width: 559px) 100vw, 559px\" alt=\"\">\r\n                            <\/a>\r\n                            \r\n                        <\/figure>\r\n                    <\/div>\r\n                    <div class = \"td-slide-item td-item14\">\r\n                        <figure class=\"td-slide-galery-figure td-slide-popup-gallery\">\r\n                            <a class=\"slide-gallery-image-link\" href=\"https:\/\/av.arbeaumont.eu\/wp-content\/uploads\/2018\/06\/Auschwitz-15.jpg\" title=\"Auschwitz-15\"  data-caption=\"\"  data-description=\"\">\r\n                                <img decoding=\"async\" src=\"https:\/\/av.arbeaumont.eu\/wp-content\/uploads\/2018\/06\/Auschwitz-15-630x420.jpg\" srcset=\"https:\/\/av.arbeaumont.eu\/wp-content\/uploads\/2018\/06\/Auschwitz-15-630x420.jpg 630w, https:\/\/av.arbeaumont.eu\/wp-content\/uploads\/2018\/06\/Auschwitz-15-300x200.jpg 300w, https:\/\/av.arbeaumont.eu\/wp-content\/uploads\/2018\/06\/Auschwitz-15-768x512.jpg 768w, https:\/\/av.arbeaumont.eu\/wp-content\/uploads\/2018\/06\/Auschwitz-15-1024x683.jpg 1024w, https:\/\/av.arbeaumont.eu\/wp-content\/uploads\/2018\/06\/Auschwitz-15-696x464.jpg 696w, https:\/\/av.arbeaumont.eu\/wp-content\/uploads\/2018\/06\/Auschwitz-15-1068x712.jpg 1068w, https:\/\/av.arbeaumont.eu\/wp-content\/uploads\/2018\/06\/Auschwitz-15.jpg 2048w\" sizes=\"(max-width: 630px) 100vw, 630px\" alt=\"\">\r\n                            <\/a>\r\n                            \r\n                        <\/figure>\r\n                    <\/div>\r\n                    <div class = \"td-slide-item td-item15\">\r\n                        <figure class=\"td-slide-galery-figure td-slide-popup-gallery\">\r\n                            <a class=\"slide-gallery-image-link\" href=\"https:\/\/av.arbeaumont.eu\/wp-content\/uploads\/2018\/06\/Auschwitz-16.jpg\" title=\"Auschwitz-16\"  data-caption=\"\"  data-description=\"\">\r\n                                <img decoding=\"async\" src=\"https:\/\/av.arbeaumont.eu\/wp-content\/uploads\/2018\/06\/Auschwitz-16-630x420.jpg\" srcset=\"https:\/\/av.arbeaumont.eu\/wp-content\/uploads\/2018\/06\/Auschwitz-16-630x420.jpg 630w, https:\/\/av.arbeaumont.eu\/wp-content\/uploads\/2018\/06\/Auschwitz-16-300x200.jpg 300w, https:\/\/av.arbeaumont.eu\/wp-content\/uploads\/2018\/06\/Auschwitz-16-768x512.jpg 768w, https:\/\/av.arbeaumont.eu\/wp-content\/uploads\/2018\/06\/Auschwitz-16-1024x683.jpg 1024w, https:\/\/av.arbeaumont.eu\/wp-content\/uploads\/2018\/06\/Auschwitz-16-696x464.jpg 696w, https:\/\/av.arbeaumont.eu\/wp-content\/uploads\/2018\/06\/Auschwitz-16-1068x712.jpg 1068w, https:\/\/av.arbeaumont.eu\/wp-content\/uploads\/2018\/06\/Auschwitz-16.jpg 2048w\" sizes=\"(max-width: 630px) 100vw, 630px\" alt=\"\">\r\n                            <\/a>\r\n                            \r\n                        <\/figure>\r\n                    <\/div>\r\n                    <div class = \"td-slide-item td-item16\">\r\n                        <figure class=\"td-slide-galery-figure td-slide-popup-gallery\">\r\n                            <a class=\"slide-gallery-image-link\" href=\"https:\/\/av.arbeaumont.eu\/wp-content\/uploads\/2018\/06\/Auschwitz-17.jpg\" title=\"Auschwitz-17\"  data-caption=\"\"  data-description=\"\">\r\n                                <img decoding=\"async\" src=\"https:\/\/av.arbeaumont.eu\/wp-content\/uploads\/2018\/06\/Auschwitz-17-630x420.jpg\" srcset=\"https:\/\/av.arbeaumont.eu\/wp-content\/uploads\/2018\/06\/Auschwitz-17-630x420.jpg 630w, https:\/\/av.arbeaumont.eu\/wp-content\/uploads\/2018\/06\/Auschwitz-17-300x200.jpg 300w, https:\/\/av.arbeaumont.eu\/wp-content\/uploads\/2018\/06\/Auschwitz-17-768x512.jpg 768w, https:\/\/av.arbeaumont.eu\/wp-content\/uploads\/2018\/06\/Auschwitz-17-1024x683.jpg 1024w, https:\/\/av.arbeaumont.eu\/wp-content\/uploads\/2018\/06\/Auschwitz-17-696x464.jpg 696w, https:\/\/av.arbeaumont.eu\/wp-content\/uploads\/2018\/06\/Auschwitz-17-1068x712.jpg 1068w, https:\/\/av.arbeaumont.eu\/wp-content\/uploads\/2018\/06\/Auschwitz-17.jpg 2048w\" sizes=\"(max-width: 630px) 100vw, 630px\" alt=\"\">\r\n                            <\/a>\r\n                            \r\n                        <\/figure>\r\n                    <\/div>\r\n                    <div class = \"td-slide-item td-item17\">\r\n                        <figure class=\"td-slide-galery-figure td-slide-popup-gallery\">\r\n                            <a class=\"slide-gallery-image-link\" href=\"https:\/\/av.arbeaumont.eu\/wp-content\/uploads\/2018\/06\/Auschwitz-13.jpg\" title=\"Auschwitz-13\"  data-caption=\"\"  data-description=\"\">\r\n                                <img decoding=\"async\" src=\"https:\/\/av.arbeaumont.eu\/wp-content\/uploads\/2018\/06\/Auschwitz-13-559x420.jpg\" srcset=\"https:\/\/av.arbeaumont.eu\/wp-content\/uploads\/2018\/06\/Auschwitz-13-559x420.jpg 559w, https:\/\/av.arbeaumont.eu\/wp-content\/uploads\/2018\/06\/Auschwitz-13-300x225.jpg 300w, https:\/\/av.arbeaumont.eu\/wp-content\/uploads\/2018\/06\/Auschwitz-13-768x577.jpg 768w, https:\/\/av.arbeaumont.eu\/wp-content\/uploads\/2018\/06\/Auschwitz-13-1024x769.jpg 1024w, https:\/\/av.arbeaumont.eu\/wp-content\/uploads\/2018\/06\/Auschwitz-13-80x60.jpg 80w, https:\/\/av.arbeaumont.eu\/wp-content\/uploads\/2018\/06\/Auschwitz-13-265x198.jpg 265w, https:\/\/av.arbeaumont.eu\/wp-content\/uploads\/2018\/06\/Auschwitz-13-696x523.jpg 696w, https:\/\/av.arbeaumont.eu\/wp-content\/uploads\/2018\/06\/Auschwitz-13-1068x802.jpg 1068w, https:\/\/av.arbeaumont.eu\/wp-content\/uploads\/2018\/06\/Auschwitz-13.jpg 2048w\" sizes=\"(max-width: 559px) 100vw, 559px\" alt=\"\">\r\n                            <\/a>\r\n                            \r\n                        <\/figure>\r\n                    <\/div>\r\n                    <div class = \"td-slide-item td-item18\">\r\n                        <figure class=\"td-slide-galery-figure td-slide-popup-gallery\">\r\n                            <a class=\"slide-gallery-image-link\" href=\"https:\/\/av.arbeaumont.eu\/wp-content\/uploads\/2018\/06\/Auschwitz-12.jpg\" title=\"Auschwitz-12\"  data-caption=\"\"  data-description=\"\">\r\n                                <img decoding=\"async\" src=\"https:\/\/av.arbeaumont.eu\/wp-content\/uploads\/2018\/06\/Auschwitz-12-630x420.jpg\" srcset=\"https:\/\/av.arbeaumont.eu\/wp-content\/uploads\/2018\/06\/Auschwitz-12-630x420.jpg 630w, https:\/\/av.arbeaumont.eu\/wp-content\/uploads\/2018\/06\/Auschwitz-12-300x200.jpg 300w, https:\/\/av.arbeaumont.eu\/wp-content\/uploads\/2018\/06\/Auschwitz-12-768x512.jpg 768w, https:\/\/av.arbeaumont.eu\/wp-content\/uploads\/2018\/06\/Auschwitz-12-1024x683.jpg 1024w, https:\/\/av.arbeaumont.eu\/wp-content\/uploads\/2018\/06\/Auschwitz-12-696x464.jpg 696w, https:\/\/av.arbeaumont.eu\/wp-content\/uploads\/2018\/06\/Auschwitz-12-1068x712.jpg 1068w, https:\/\/av.arbeaumont.eu\/wp-content\/uploads\/2018\/06\/Auschwitz-12.jpg 2048w\" sizes=\"(max-width: 630px) 100vw, 630px\" alt=\"\">\r\n                            <\/a>\r\n                            \r\n                        <\/figure>\r\n                    <\/div>\r\n                    <div class = \"td-slide-item td-item19\">\r\n                        <figure class=\"td-slide-galery-figure td-slide-popup-gallery\">\r\n                            <a class=\"slide-gallery-image-link\" href=\"https:\/\/av.arbeaumont.eu\/wp-content\/uploads\/2018\/06\/Auschwitz-11.jpg\" title=\"Auschwitz-11\"  data-caption=\"\"  data-description=\"\">\r\n                                <img decoding=\"async\" src=\"https:\/\/av.arbeaumont.eu\/wp-content\/uploads\/2018\/06\/Auschwitz-11-630x420.jpg\" srcset=\"https:\/\/av.arbeaumont.eu\/wp-content\/uploads\/2018\/06\/Auschwitz-11-630x420.jpg 630w, https:\/\/av.arbeaumont.eu\/wp-content\/uploads\/2018\/06\/Auschwitz-11-300x200.jpg 300w, https:\/\/av.arbeaumont.eu\/wp-content\/uploads\/2018\/06\/Auschwitz-11-768x512.jpg 768w, https:\/\/av.arbeaumont.eu\/wp-content\/uploads\/2018\/06\/Auschwitz-11-1024x683.jpg 1024w, https:\/\/av.arbeaumont.eu\/wp-content\/uploads\/2018\/06\/Auschwitz-11-696x464.jpg 696w, https:\/\/av.arbeaumont.eu\/wp-content\/uploads\/2018\/06\/Auschwitz-11-1068x712.jpg 1068w, https:\/\/av.arbeaumont.eu\/wp-content\/uploads\/2018\/06\/Auschwitz-11.jpg 2048w\" sizes=\"(max-width: 630px) 100vw, 630px\" alt=\"\">\r\n                            <\/a>\r\n                            \r\n                        <\/figure>\r\n                    <\/div>\r\n                    <div class = \"td-slide-item td-item20\">\r\n                        <figure class=\"td-slide-galery-figure td-slide-popup-gallery\">\r\n                            <a class=\"slide-gallery-image-link\" href=\"https:\/\/av.arbeaumont.eu\/wp-content\/uploads\/2018\/06\/Auschwitz-10.jpg\" title=\"Auschwitz-10\"  data-caption=\"\"  data-description=\"\">\r\n                                <img decoding=\"async\" src=\"https:\/\/av.arbeaumont.eu\/wp-content\/uploads\/2018\/06\/Auschwitz-10-559x420.jpg\" srcset=\"https:\/\/av.arbeaumont.eu\/wp-content\/uploads\/2018\/06\/Auschwitz-10-559x420.jpg 559w, https:\/\/av.arbeaumont.eu\/wp-content\/uploads\/2018\/06\/Auschwitz-10-300x225.jpg 300w, https:\/\/av.arbeaumont.eu\/wp-content\/uploads\/2018\/06\/Auschwitz-10-768x577.jpg 768w, https:\/\/av.arbeaumont.eu\/wp-content\/uploads\/2018\/06\/Auschwitz-10-1024x769.jpg 1024w, https:\/\/av.arbeaumont.eu\/wp-content\/uploads\/2018\/06\/Auschwitz-10-80x60.jpg 80w, https:\/\/av.arbeaumont.eu\/wp-content\/uploads\/2018\/06\/Auschwitz-10-265x198.jpg 265w, https:\/\/av.arbeaumont.eu\/wp-content\/uploads\/2018\/06\/Auschwitz-10-696x523.jpg 696w, https:\/\/av.arbeaumont.eu\/wp-content\/uploads\/2018\/06\/Auschwitz-10-1068x802.jpg 1068w, https:\/\/av.arbeaumont.eu\/wp-content\/uploads\/2018\/06\/Auschwitz-10.jpg 2048w\" sizes=\"(max-width: 559px) 100vw, 559px\" alt=\"\">\r\n                            <\/a>\r\n                            \r\n                        <\/figure>\r\n                    <\/div>\r\n                    <div class = \"td-slide-item td-item21\">\r\n                        <figure class=\"td-slide-galery-figure td-slide-popup-gallery\">\r\n                            <a class=\"slide-gallery-image-link\" href=\"https:\/\/av.arbeaumont.eu\/wp-content\/uploads\/2018\/06\/Auschwitz-6.jpg\" title=\"Auschwitz-6\"  data-caption=\"\"  data-description=\"\">\r\n                                <img decoding=\"async\" src=\"https:\/\/av.arbeaumont.eu\/wp-content\/uploads\/2018\/06\/Auschwitz-6-559x420.jpg\" srcset=\"https:\/\/av.arbeaumont.eu\/wp-content\/uploads\/2018\/06\/Auschwitz-6-559x420.jpg 559w, https:\/\/av.arbeaumont.eu\/wp-content\/uploads\/2018\/06\/Auschwitz-6-300x225.jpg 300w, https:\/\/av.arbeaumont.eu\/wp-content\/uploads\/2018\/06\/Auschwitz-6-768x577.jpg 768w, https:\/\/av.arbeaumont.eu\/wp-content\/uploads\/2018\/06\/Auschwitz-6-1024x769.jpg 1024w, https:\/\/av.arbeaumont.eu\/wp-content\/uploads\/2018\/06\/Auschwitz-6-80x60.jpg 80w, https:\/\/av.arbeaumont.eu\/wp-content\/uploads\/2018\/06\/Auschwitz-6-265x198.jpg 265w, https:\/\/av.arbeaumont.eu\/wp-content\/uploads\/2018\/06\/Auschwitz-6-696x523.jpg 696w, https:\/\/av.arbeaumont.eu\/wp-content\/uploads\/2018\/06\/Auschwitz-6-1068x802.jpg 1068w, https:\/\/av.arbeaumont.eu\/wp-content\/uploads\/2018\/06\/Auschwitz-6.jpg 2048w\" sizes=\"(max-width: 559px) 100vw, 559px\" alt=\"\">\r\n                            <\/a>\r\n                            \r\n                        <\/figure>\r\n                    <\/div>\r\n                    <div class = \"td-slide-item td-item22\">\r\n                        <figure class=\"td-slide-galery-figure td-slide-popup-gallery\">\r\n                            <a class=\"slide-gallery-image-link\" href=\"https:\/\/av.arbeaumont.eu\/wp-content\/uploads\/2018\/06\/Auschwitz-7.jpg\" title=\"Auschwitz-7\"  data-caption=\"\"  data-description=\"\">\r\n                                <img decoding=\"async\" src=\"https:\/\/av.arbeaumont.eu\/wp-content\/uploads\/2018\/06\/Auschwitz-7-315x420.jpg\" srcset=\"https:\/\/av.arbeaumont.eu\/wp-content\/uploads\/2018\/06\/Auschwitz-7-315x420.jpg 315w, https:\/\/av.arbeaumont.eu\/wp-content\/uploads\/2018\/06\/Auschwitz-7-225x300.jpg 225w, https:\/\/av.arbeaumont.eu\/wp-content\/uploads\/2018\/06\/Auschwitz-7-768x1023.jpg 768w, https:\/\/av.arbeaumont.eu\/wp-content\/uploads\/2018\/06\/Auschwitz-7-769x1024.jpg 769w, https:\/\/av.arbeaumont.eu\/wp-content\/uploads\/2018\/06\/Auschwitz-7-696x927.jpg 696w, https:\/\/av.arbeaumont.eu\/wp-content\/uploads\/2018\/06\/Auschwitz-7-1068x1422.jpg 1068w, https:\/\/av.arbeaumont.eu\/wp-content\/uploads\/2018\/06\/Auschwitz-7.jpg 1538w\" sizes=\"(max-width: 315px) 100vw, 315px\" alt=\"\">\r\n                            <\/a>\r\n                            \r\n                        <\/figure>\r\n                    <\/div>\r\n                    <div class = \"td-slide-item td-item23\">\r\n                        <figure class=\"td-slide-galery-figure td-slide-popup-gallery\">\r\n                            <a class=\"slide-gallery-image-link\" href=\"https:\/\/av.arbeaumont.eu\/wp-content\/uploads\/2018\/06\/Auschwitz-8.jpg\" title=\"Auschwitz-8\"  data-caption=\"\"  data-description=\"\">\r\n                                <img decoding=\"async\" src=\"https:\/\/av.arbeaumont.eu\/wp-content\/uploads\/2018\/06\/Auschwitz-8-559x420.jpg\" srcset=\"https:\/\/av.arbeaumont.eu\/wp-content\/uploads\/2018\/06\/Auschwitz-8-559x420.jpg 559w, https:\/\/av.arbeaumont.eu\/wp-content\/uploads\/2018\/06\/Auschwitz-8-300x225.jpg 300w, https:\/\/av.arbeaumont.eu\/wp-content\/uploads\/2018\/06\/Auschwitz-8-768x577.jpg 768w, https:\/\/av.arbeaumont.eu\/wp-content\/uploads\/2018\/06\/Auschwitz-8-1024x769.jpg 1024w, https:\/\/av.arbeaumont.eu\/wp-content\/uploads\/2018\/06\/Auschwitz-8-80x60.jpg 80w, https:\/\/av.arbeaumont.eu\/wp-content\/uploads\/2018\/06\/Auschwitz-8-265x198.jpg 265w, https:\/\/av.arbeaumont.eu\/wp-content\/uploads\/2018\/06\/Auschwitz-8-696x523.jpg 696w, https:\/\/av.arbeaumont.eu\/wp-content\/uploads\/2018\/06\/Auschwitz-8-1068x802.jpg 1068w, https:\/\/av.arbeaumont.eu\/wp-content\/uploads\/2018\/06\/Auschwitz-8.jpg 2048w\" sizes=\"(max-width: 559px) 100vw, 559px\" alt=\"\">\r\n                            <\/a>\r\n                            \r\n                        <\/figure>\r\n                    <\/div>\r\n                    <div class = \"td-slide-item td-item24\">\r\n                        <figure class=\"td-slide-galery-figure td-slide-popup-gallery\">\r\n                            <a class=\"slide-gallery-image-link\" href=\"https:\/\/av.arbeaumont.eu\/wp-content\/uploads\/2018\/06\/Auschwitz-9.jpg\" title=\"Auschwitz-9\"  data-caption=\"\"  data-description=\"\">\r\n                                <img decoding=\"async\" src=\"https:\/\/av.arbeaumont.eu\/wp-content\/uploads\/2018\/06\/Auschwitz-9-559x420.jpg\" srcset=\"https:\/\/av.arbeaumont.eu\/wp-content\/uploads\/2018\/06\/Auschwitz-9-559x420.jpg 559w, https:\/\/av.arbeaumont.eu\/wp-content\/uploads\/2018\/06\/Auschwitz-9-300x225.jpg 300w, https:\/\/av.arbeaumont.eu\/wp-content\/uploads\/2018\/06\/Auschwitz-9-768x577.jpg 768w, https:\/\/av.arbeaumont.eu\/wp-content\/uploads\/2018\/06\/Auschwitz-9-1024x769.jpg 1024w, https:\/\/av.arbeaumont.eu\/wp-content\/uploads\/2018\/06\/Auschwitz-9-80x60.jpg 80w, https:\/\/av.arbeaumont.eu\/wp-content\/uploads\/2018\/06\/Auschwitz-9-265x198.jpg 265w, https:\/\/av.arbeaumont.eu\/wp-content\/uploads\/2018\/06\/Auschwitz-9-696x523.jpg 696w, https:\/\/av.arbeaumont.eu\/wp-content\/uploads\/2018\/06\/Auschwitz-9-1068x802.jpg 1068w, https:\/\/av.arbeaumont.eu\/wp-content\/uploads\/2018\/06\/Auschwitz-9.jpg 2048w\" sizes=\"(max-width: 559px) 100vw, 559px\" alt=\"\">\r\n                            <\/a>\r\n                            \r\n                        <\/figure>\r\n                    <\/div>\r\n                    <div class = \"td-slide-item td-item25\">\r\n                        <figure class=\"td-slide-galery-figure td-slide-popup-gallery\">\r\n                            <a class=\"slide-gallery-image-link\" href=\"https:\/\/av.arbeaumont.eu\/wp-content\/uploads\/2018\/06\/Auschwitz-5.jpg\" title=\"Auschwitz-5\"  data-caption=\"\"  data-description=\"\">\r\n                                <img decoding=\"async\" src=\"https:\/\/av.arbeaumont.eu\/wp-content\/uploads\/2018\/06\/Auschwitz-5-630x420.jpg\" srcset=\"https:\/\/av.arbeaumont.eu\/wp-content\/uploads\/2018\/06\/Auschwitz-5-630x420.jpg 630w, https:\/\/av.arbeaumont.eu\/wp-content\/uploads\/2018\/06\/Auschwitz-5-300x200.jpg 300w, https:\/\/av.arbeaumont.eu\/wp-content\/uploads\/2018\/06\/Auschwitz-5-768x512.jpg 768w, https:\/\/av.arbeaumont.eu\/wp-content\/uploads\/2018\/06\/Auschwitz-5-1024x683.jpg 1024w, https:\/\/av.arbeaumont.eu\/wp-content\/uploads\/2018\/06\/Auschwitz-5-696x464.jpg 696w, https:\/\/av.arbeaumont.eu\/wp-content\/uploads\/2018\/06\/Auschwitz-5-1068x712.jpg 1068w, https:\/\/av.arbeaumont.eu\/wp-content\/uploads\/2018\/06\/Auschwitz-5.jpg 2048w\" sizes=\"(max-width: 630px) 100vw, 630px\" alt=\"\">\r\n                            <\/a>\r\n                            \r\n                        <\/figure>\r\n                    <\/div>\r\n                    <div class = \"td-slide-item td-item26\">\r\n                        <figure class=\"td-slide-galery-figure td-slide-popup-gallery\">\r\n                            <a class=\"slide-gallery-image-link\" href=\"https:\/\/av.arbeaumont.eu\/wp-content\/uploads\/2018\/06\/Auschwitz-4.jpg\" title=\"Auschwitz-4\"  data-caption=\"\"  data-description=\"\">\r\n                                <img decoding=\"async\" src=\"https:\/\/av.arbeaumont.eu\/wp-content\/uploads\/2018\/06\/Auschwitz-4-630x420.jpg\" srcset=\"https:\/\/av.arbeaumont.eu\/wp-content\/uploads\/2018\/06\/Auschwitz-4-630x420.jpg 630w, https:\/\/av.arbeaumont.eu\/wp-content\/uploads\/2018\/06\/Auschwitz-4-300x200.jpg 300w, https:\/\/av.arbeaumont.eu\/wp-content\/uploads\/2018\/06\/Auschwitz-4-768x512.jpg 768w, https:\/\/av.arbeaumont.eu\/wp-content\/uploads\/2018\/06\/Auschwitz-4-1024x683.jpg 1024w, https:\/\/av.arbeaumont.eu\/wp-content\/uploads\/2018\/06\/Auschwitz-4-696x464.jpg 696w, https:\/\/av.arbeaumont.eu\/wp-content\/uploads\/2018\/06\/Auschwitz-4-1068x712.jpg 1068w, https:\/\/av.arbeaumont.eu\/wp-content\/uploads\/2018\/06\/Auschwitz-4.jpg 2048w\" sizes=\"(max-width: 630px) 100vw, 630px\" alt=\"\">\r\n                            <\/a>\r\n                            \r\n                        <\/figure>\r\n                    <\/div>\r\n                    <div class = \"td-slide-item td-item27\">\r\n                        <figure class=\"td-slide-galery-figure td-slide-popup-gallery\">\r\n                            <a class=\"slide-gallery-image-link\" href=\"https:\/\/av.arbeaumont.eu\/wp-content\/uploads\/2018\/06\/Auschwitz-3.jpg\" title=\"Auschwitz-3\"  data-caption=\"\"  data-description=\"\">\r\n                                <img decoding=\"async\" src=\"https:\/\/av.arbeaumont.eu\/wp-content\/uploads\/2018\/06\/Auschwitz-3-630x420.jpg\" srcset=\"https:\/\/av.arbeaumont.eu\/wp-content\/uploads\/2018\/06\/Auschwitz-3-630x420.jpg 630w, https:\/\/av.arbeaumont.eu\/wp-content\/uploads\/2018\/06\/Auschwitz-3-300x200.jpg 300w, https:\/\/av.arbeaumont.eu\/wp-content\/uploads\/2018\/06\/Auschwitz-3-768x512.jpg 768w, https:\/\/av.arbeaumont.eu\/wp-content\/uploads\/2018\/06\/Auschwitz-3-1024x683.jpg 1024w, https:\/\/av.arbeaumont.eu\/wp-content\/uploads\/2018\/06\/Auschwitz-3-696x464.jpg 696w, https:\/\/av.arbeaumont.eu\/wp-content\/uploads\/2018\/06\/Auschwitz-3-1068x712.jpg 1068w, https:\/\/av.arbeaumont.eu\/wp-content\/uploads\/2018\/06\/Auschwitz-3.jpg 2048w\" sizes=\"(max-width: 630px) 100vw, 630px\" alt=\"\">\r\n                            <\/a>\r\n                            \r\n                        <\/figure>\r\n                    <\/div>\r\n                    <div class = \"td-slide-item td-item28\">\r\n                        <figure class=\"td-slide-galery-figure td-slide-popup-gallery\">\r\n                            <a class=\"slide-gallery-image-link\" href=\"https:\/\/av.arbeaumont.eu\/wp-content\/uploads\/2018\/06\/Auschwitz-2-1.jpg\" title=\"Auschwitz-2\"  data-caption=\"\"  data-description=\"\">\r\n                                <img decoding=\"async\" src=\"https:\/\/av.arbeaumont.eu\/wp-content\/uploads\/2018\/06\/Auschwitz-2-1-630x420.jpg\" srcset=\"https:\/\/av.arbeaumont.eu\/wp-content\/uploads\/2018\/06\/Auschwitz-2-1-630x420.jpg 630w, https:\/\/av.arbeaumont.eu\/wp-content\/uploads\/2018\/06\/Auschwitz-2-1-300x200.jpg 300w, https:\/\/av.arbeaumont.eu\/wp-content\/uploads\/2018\/06\/Auschwitz-2-1-768x512.jpg 768w, https:\/\/av.arbeaumont.eu\/wp-content\/uploads\/2018\/06\/Auschwitz-2-1-1024x683.jpg 1024w, https:\/\/av.arbeaumont.eu\/wp-content\/uploads\/2018\/06\/Auschwitz-2-1-696x464.jpg 696w, https:\/\/av.arbeaumont.eu\/wp-content\/uploads\/2018\/06\/Auschwitz-2-1-1068x712.jpg 1068w, https:\/\/av.arbeaumont.eu\/wp-content\/uploads\/2018\/06\/Auschwitz-2-1.jpg 2048w\" sizes=\"(max-width: 630px) 100vw, 630px\" alt=\"\">\r\n                            <\/a>\r\n                            \r\n                        <\/figure>\r\n                    <\/div>\r\n                    <div class = \"td-slide-item td-item29\">\r\n                        <figure class=\"td-slide-galery-figure td-slide-popup-gallery\">\r\n                            <a class=\"slide-gallery-image-link\" href=\"https:\/\/av.arbeaumont.eu\/wp-content\/uploads\/2018\/06\/Auschwitz-2-26.jpg\" title=\"Auschwitz 2-26\"  data-caption=\"\"  data-description=\"\">\r\n                                <img decoding=\"async\" src=\"https:\/\/av.arbeaumont.eu\/wp-content\/uploads\/2018\/06\/Auschwitz-2-26-559x420.jpg\" srcset=\"https:\/\/av.arbeaumont.eu\/wp-content\/uploads\/2018\/06\/Auschwitz-2-26-559x420.jpg 559w, https:\/\/av.arbeaumont.eu\/wp-content\/uploads\/2018\/06\/Auschwitz-2-26-300x225.jpg 300w, https:\/\/av.arbeaumont.eu\/wp-content\/uploads\/2018\/06\/Auschwitz-2-26-768x577.jpg 768w, https:\/\/av.arbeaumont.eu\/wp-content\/uploads\/2018\/06\/Auschwitz-2-26-1024x769.jpg 1024w, https:\/\/av.arbeaumont.eu\/wp-content\/uploads\/2018\/06\/Auschwitz-2-26-80x60.jpg 80w, https:\/\/av.arbeaumont.eu\/wp-content\/uploads\/2018\/06\/Auschwitz-2-26-265x198.jpg 265w, https:\/\/av.arbeaumont.eu\/wp-content\/uploads\/2018\/06\/Auschwitz-2-26-696x523.jpg 696w, https:\/\/av.arbeaumont.eu\/wp-content\/uploads\/2018\/06\/Auschwitz-2-26-1068x802.jpg 1068w, https:\/\/av.arbeaumont.eu\/wp-content\/uploads\/2018\/06\/Auschwitz-2-26.jpg 2048w\" sizes=\"(max-width: 559px) 100vw, 559px\" alt=\"\">\r\n                            <\/a>\r\n                            \r\n                        <\/figure>\r\n                    <\/div>\r\n                    <div class = \"td-slide-item td-item30\">\r\n                        <figure class=\"td-slide-galery-figure td-slide-popup-gallery\">\r\n                            <a class=\"slide-gallery-image-link\" href=\"https:\/\/av.arbeaumont.eu\/wp-content\/uploads\/2018\/06\/Auschwitz-2-27.jpg\" title=\"Auschwitz 2-27\"  data-caption=\"\"  data-description=\"\">\r\n                                <img decoding=\"async\" src=\"https:\/\/av.arbeaumont.eu\/wp-content\/uploads\/2018\/06\/Auschwitz-2-27-559x420.jpg\" srcset=\"https:\/\/av.arbeaumont.eu\/wp-content\/uploads\/2018\/06\/Auschwitz-2-27-559x420.jpg 559w, https:\/\/av.arbeaumont.eu\/wp-content\/uploads\/2018\/06\/Auschwitz-2-27-300x225.jpg 300w, https:\/\/av.arbeaumont.eu\/wp-content\/uploads\/2018\/06\/Auschwitz-2-27-768x577.jpg 768w, https:\/\/av.arbeaumont.eu\/wp-content\/uploads\/2018\/06\/Auschwitz-2-27-1024x769.jpg 1024w, https:\/\/av.arbeaumont.eu\/wp-content\/uploads\/2018\/06\/Auschwitz-2-27-80x60.jpg 80w, https:\/\/av.arbeaumont.eu\/wp-content\/uploads\/2018\/06\/Auschwitz-2-27-265x198.jpg 265w, https:\/\/av.arbeaumont.eu\/wp-content\/uploads\/2018\/06\/Auschwitz-2-27-696x523.jpg 696w, https:\/\/av.arbeaumont.eu\/wp-content\/uploads\/2018\/06\/Auschwitz-2-27-1068x802.jpg 1068w, https:\/\/av.arbeaumont.eu\/wp-content\/uploads\/2018\/06\/Auschwitz-2-27.jpg 2048w\" sizes=\"(max-width: 559px) 100vw, 559px\" alt=\"\">\r\n                            <\/a>\r\n                            \r\n                        <\/figure>\r\n                    <\/div>\r\n                    <div class = \"td-slide-item td-item31\">\r\n                        <figure class=\"td-slide-galery-figure td-slide-popup-gallery\">\r\n                            <a class=\"slide-gallery-image-link\" href=\"https:\/\/av.arbeaumont.eu\/wp-content\/uploads\/2018\/06\/Auschwitz-2-28.jpg\" title=\"Auschwitz 2-28\"  data-caption=\"\"  data-description=\"\">\r\n                                <img decoding=\"async\" src=\"https:\/\/av.arbeaumont.eu\/wp-content\/uploads\/2018\/06\/Auschwitz-2-28-559x420.jpg\" srcset=\"https:\/\/av.arbeaumont.eu\/wp-content\/uploads\/2018\/06\/Auschwitz-2-28-559x420.jpg 559w, https:\/\/av.arbeaumont.eu\/wp-content\/uploads\/2018\/06\/Auschwitz-2-28-300x225.jpg 300w, https:\/\/av.arbeaumont.eu\/wp-content\/uploads\/2018\/06\/Auschwitz-2-28-768x577.jpg 768w, https:\/\/av.arbeaumont.eu\/wp-content\/uploads\/2018\/06\/Auschwitz-2-28-1024x769.jpg 1024w, https:\/\/av.arbeaumont.eu\/wp-content\/uploads\/2018\/06\/Auschwitz-2-28-80x60.jpg 80w, https:\/\/av.arbeaumont.eu\/wp-content\/uploads\/2018\/06\/Auschwitz-2-28-265x198.jpg 265w, https:\/\/av.arbeaumont.eu\/wp-content\/uploads\/2018\/06\/Auschwitz-2-28-696x523.jpg 696w, https:\/\/av.arbeaumont.eu\/wp-content\/uploads\/2018\/06\/Auschwitz-2-28-1068x802.jpg 1068w, https:\/\/av.arbeaumont.eu\/wp-content\/uploads\/2018\/06\/Auschwitz-2-28.jpg 2048w\" sizes=\"(max-width: 559px) 100vw, 559px\" alt=\"\">\r\n                            <\/a>\r\n                            \r\n                        <\/figure>\r\n                    <\/div>\r\n                    <div class = \"td-slide-item td-item32\">\r\n                        <figure class=\"td-slide-galery-figure td-slide-popup-gallery\">\r\n                            <a class=\"slide-gallery-image-link\" href=\"https:\/\/av.arbeaumont.eu\/wp-content\/uploads\/2018\/06\/Auschwitz-2.jpg\" title=\"Auschwitz 2\"  data-caption=\"\"  data-description=\"\">\r\n                                <img decoding=\"async\" src=\"https:\/\/av.arbeaumont.eu\/wp-content\/uploads\/2018\/06\/Auschwitz-2-559x420.jpg\" srcset=\"https:\/\/av.arbeaumont.eu\/wp-content\/uploads\/2018\/06\/Auschwitz-2-559x420.jpg 559w, https:\/\/av.arbeaumont.eu\/wp-content\/uploads\/2018\/06\/Auschwitz-2-300x225.jpg 300w, https:\/\/av.arbeaumont.eu\/wp-content\/uploads\/2018\/06\/Auschwitz-2-768x577.jpg 768w, https:\/\/av.arbeaumont.eu\/wp-content\/uploads\/2018\/06\/Auschwitz-2-1024x769.jpg 1024w, https:\/\/av.arbeaumont.eu\/wp-content\/uploads\/2018\/06\/Auschwitz-2-80x60.jpg 80w, https:\/\/av.arbeaumont.eu\/wp-content\/uploads\/2018\/06\/Auschwitz-2-265x198.jpg 265w, https:\/\/av.arbeaumont.eu\/wp-content\/uploads\/2018\/06\/Auschwitz-2-696x523.jpg 696w, https:\/\/av.arbeaumont.eu\/wp-content\/uploads\/2018\/06\/Auschwitz-2-1068x802.jpg 1068w, https:\/\/av.arbeaumont.eu\/wp-content\/uploads\/2018\/06\/Auschwitz-2.jpg 2048w\" sizes=\"(max-width: 559px) 100vw, 559px\" alt=\"\">\r\n                            <\/a>\r\n                            \r\n                        <\/figure>\r\n                    <\/div>\r\n                    <div class = \"td-slide-item td-item33\">\r\n                        <figure class=\"td-slide-galery-figure td-slide-popup-gallery\">\r\n                            <a class=\"slide-gallery-image-link\" href=\"https:\/\/av.arbeaumont.eu\/wp-content\/uploads\/2018\/06\/Auschwitz-2-25.jpg\" title=\"Auschwitz 2-25\"  data-caption=\"\"  data-description=\"\">\r\n                                <img decoding=\"async\" src=\"https:\/\/av.arbeaumont.eu\/wp-content\/uploads\/2018\/06\/Auschwitz-2-25-559x420.jpg\" srcset=\"https:\/\/av.arbeaumont.eu\/wp-content\/uploads\/2018\/06\/Auschwitz-2-25-559x420.jpg 559w, https:\/\/av.arbeaumont.eu\/wp-content\/uploads\/2018\/06\/Auschwitz-2-25-300x225.jpg 300w, https:\/\/av.arbeaumont.eu\/wp-content\/uploads\/2018\/06\/Auschwitz-2-25-768x577.jpg 768w, https:\/\/av.arbeaumont.eu\/wp-content\/uploads\/2018\/06\/Auschwitz-2-25-1024x769.jpg 1024w, https:\/\/av.arbeaumont.eu\/wp-content\/uploads\/2018\/06\/Auschwitz-2-25-80x60.jpg 80w, https:\/\/av.arbeaumont.eu\/wp-content\/uploads\/2018\/06\/Auschwitz-2-25-265x198.jpg 265w, https:\/\/av.arbeaumont.eu\/wp-content\/uploads\/2018\/06\/Auschwitz-2-25-696x523.jpg 696w, https:\/\/av.arbeaumont.eu\/wp-content\/uploads\/2018\/06\/Auschwitz-2-25-1068x802.jpg 1068w, https:\/\/av.arbeaumont.eu\/wp-content\/uploads\/2018\/06\/Auschwitz-2-25.jpg 2048w\" sizes=\"(max-width: 559px) 100vw, 559px\" alt=\"\">\r\n                            <\/a>\r\n                            \r\n                        <\/figure>\r\n                    <\/div>\r\n                    <div class = \"td-slide-item td-item34\">\r\n                        <figure class=\"td-slide-galery-figure td-slide-popup-gallery\">\r\n                            <a class=\"slide-gallery-image-link\" href=\"https:\/\/av.arbeaumont.eu\/wp-content\/uploads\/2018\/06\/Auschwitz-2-24.jpg\" title=\"Auschwitz 2-24\"  data-caption=\"\"  data-description=\"\">\r\n                                <img decoding=\"async\" src=\"https:\/\/av.arbeaumont.eu\/wp-content\/uploads\/2018\/06\/Auschwitz-2-24-559x420.jpg\" srcset=\"https:\/\/av.arbeaumont.eu\/wp-content\/uploads\/2018\/06\/Auschwitz-2-24-559x420.jpg 559w, https:\/\/av.arbeaumont.eu\/wp-content\/uploads\/2018\/06\/Auschwitz-2-24-300x225.jpg 300w, https:\/\/av.arbeaumont.eu\/wp-content\/uploads\/2018\/06\/Auschwitz-2-24-768x577.jpg 768w, https:\/\/av.arbeaumont.eu\/wp-content\/uploads\/2018\/06\/Auschwitz-2-24-1024x769.jpg 1024w, https:\/\/av.arbeaumont.eu\/wp-content\/uploads\/2018\/06\/Auschwitz-2-24-80x60.jpg 80w, https:\/\/av.arbeaumont.eu\/wp-content\/uploads\/2018\/06\/Auschwitz-2-24-265x198.jpg 265w, https:\/\/av.arbeaumont.eu\/wp-content\/uploads\/2018\/06\/Auschwitz-2-24-696x523.jpg 696w, https:\/\/av.arbeaumont.eu\/wp-content\/uploads\/2018\/06\/Auschwitz-2-24-1068x802.jpg 1068w, https:\/\/av.arbeaumont.eu\/wp-content\/uploads\/2018\/06\/Auschwitz-2-24.jpg 2048w\" sizes=\"(max-width: 559px) 100vw, 559px\" alt=\"\">\r\n                            <\/a>\r\n                            \r\n                        <\/figure>\r\n                    <\/div>\r\n                    <div class = \"td-slide-item td-item35\">\r\n                        <figure class=\"td-slide-galery-figure td-slide-popup-gallery\">\r\n                            <a class=\"slide-gallery-image-link\" href=\"https:\/\/av.arbeaumont.eu\/wp-content\/uploads\/2018\/06\/Auschwitz-2-23.jpg\" title=\"Auschwitz 2-23\"  data-caption=\"\"  data-description=\"\">\r\n                                <img decoding=\"async\" src=\"https:\/\/av.arbeaumont.eu\/wp-content\/uploads\/2018\/06\/Auschwitz-2-23-559x420.jpg\" srcset=\"https:\/\/av.arbeaumont.eu\/wp-content\/uploads\/2018\/06\/Auschwitz-2-23-559x420.jpg 559w, https:\/\/av.arbeaumont.eu\/wp-content\/uploads\/2018\/06\/Auschwitz-2-23-300x225.jpg 300w, https:\/\/av.arbeaumont.eu\/wp-content\/uploads\/2018\/06\/Auschwitz-2-23-768x577.jpg 768w, https:\/\/av.arbeaumont.eu\/wp-content\/uploads\/2018\/06\/Auschwitz-2-23-1024x769.jpg 1024w, https:\/\/av.arbeaumont.eu\/wp-content\/uploads\/2018\/06\/Auschwitz-2-23-80x60.jpg 80w, https:\/\/av.arbeaumont.eu\/wp-content\/uploads\/2018\/06\/Auschwitz-2-23-265x198.jpg 265w, https:\/\/av.arbeaumont.eu\/wp-content\/uploads\/2018\/06\/Auschwitz-2-23-696x523.jpg 696w, https:\/\/av.arbeaumont.eu\/wp-content\/uploads\/2018\/06\/Auschwitz-2-23-1068x802.jpg 1068w, https:\/\/av.arbeaumont.eu\/wp-content\/uploads\/2018\/06\/Auschwitz-2-23.jpg 2048w\" sizes=\"(max-width: 559px) 100vw, 559px\" alt=\"\">\r\n                            <\/a>\r\n                            \r\n                        <\/figure>\r\n                    <\/div>\r\n                    <div class = \"td-slide-item td-item36\">\r\n                        <figure class=\"td-slide-galery-figure td-slide-popup-gallery\">\r\n                            <a class=\"slide-gallery-image-link\" href=\"https:\/\/av.arbeaumont.eu\/wp-content\/uploads\/2018\/06\/Auschwitz-2-22.jpg\" title=\"Auschwitz 2-22\"  data-caption=\"\"  data-description=\"\">\r\n                                <img decoding=\"async\" src=\"https:\/\/av.arbeaumont.eu\/wp-content\/uploads\/2018\/06\/Auschwitz-2-22-559x420.jpg\" srcset=\"https:\/\/av.arbeaumont.eu\/wp-content\/uploads\/2018\/06\/Auschwitz-2-22-559x420.jpg 559w, https:\/\/av.arbeaumont.eu\/wp-content\/uploads\/2018\/06\/Auschwitz-2-22-300x225.jpg 300w, https:\/\/av.arbeaumont.eu\/wp-content\/uploads\/2018\/06\/Auschwitz-2-22-768x577.jpg 768w, https:\/\/av.arbeaumont.eu\/wp-content\/uploads\/2018\/06\/Auschwitz-2-22-1024x769.jpg 1024w, https:\/\/av.arbeaumont.eu\/wp-content\/uploads\/2018\/06\/Auschwitz-2-22-80x60.jpg 80w, https:\/\/av.arbeaumont.eu\/wp-content\/uploads\/2018\/06\/Auschwitz-2-22-265x198.jpg 265w, https:\/\/av.arbeaumont.eu\/wp-content\/uploads\/2018\/06\/Auschwitz-2-22-696x523.jpg 696w, https:\/\/av.arbeaumont.eu\/wp-content\/uploads\/2018\/06\/Auschwitz-2-22-1068x802.jpg 1068w, https:\/\/av.arbeaumont.eu\/wp-content\/uploads\/2018\/06\/Auschwitz-2-22.jpg 2048w\" sizes=\"(max-width: 559px) 100vw, 559px\" alt=\"\">\r\n                            <\/a>\r\n                            \r\n                        <\/figure>\r\n                    <\/div>\r\n                    <div class = \"td-slide-item td-item37\">\r\n                        <figure class=\"td-slide-galery-figure td-slide-popup-gallery\">\r\n                            <a class=\"slide-gallery-image-link\" href=\"https:\/\/av.arbeaumont.eu\/wp-content\/uploads\/2018\/06\/Auschwitz-2-18.jpg\" title=\"Auschwitz 2-18\"  data-caption=\"\"  data-description=\"\">\r\n                                <img decoding=\"async\" src=\"https:\/\/av.arbeaumont.eu\/wp-content\/uploads\/2018\/06\/Auschwitz-2-18-559x420.jpg\" srcset=\"https:\/\/av.arbeaumont.eu\/wp-content\/uploads\/2018\/06\/Auschwitz-2-18-559x420.jpg 559w, https:\/\/av.arbeaumont.eu\/wp-content\/uploads\/2018\/06\/Auschwitz-2-18-300x225.jpg 300w, https:\/\/av.arbeaumont.eu\/wp-content\/uploads\/2018\/06\/Auschwitz-2-18-768x577.jpg 768w, https:\/\/av.arbeaumont.eu\/wp-content\/uploads\/2018\/06\/Auschwitz-2-18-1024x769.jpg 1024w, https:\/\/av.arbeaumont.eu\/wp-content\/uploads\/2018\/06\/Auschwitz-2-18-80x60.jpg 80w, https:\/\/av.arbeaumont.eu\/wp-content\/uploads\/2018\/06\/Auschwitz-2-18-265x198.jpg 265w, https:\/\/av.arbeaumont.eu\/wp-content\/uploads\/2018\/06\/Auschwitz-2-18-696x523.jpg 696w, https:\/\/av.arbeaumont.eu\/wp-content\/uploads\/2018\/06\/Auschwitz-2-18-1068x802.jpg 1068w, https:\/\/av.arbeaumont.eu\/wp-content\/uploads\/2018\/06\/Auschwitz-2-18.jpg 2048w\" sizes=\"(max-width: 559px) 100vw, 559px\" alt=\"\">\r\n                            <\/a>\r\n                            \r\n                        <\/figure>\r\n                    <\/div>\r\n                    <div class = \"td-slide-item td-item38\">\r\n                        <figure class=\"td-slide-galery-figure td-slide-popup-gallery\">\r\n                            <a class=\"slide-gallery-image-link\" href=\"https:\/\/av.arbeaumont.eu\/wp-content\/uploads\/2018\/06\/Auschwitz-2-19.jpg\" title=\"Auschwitz 2-19\"  data-caption=\"\"  data-description=\"\">\r\n                                <img decoding=\"async\" src=\"https:\/\/av.arbeaumont.eu\/wp-content\/uploads\/2018\/06\/Auschwitz-2-19-559x420.jpg\" srcset=\"https:\/\/av.arbeaumont.eu\/wp-content\/uploads\/2018\/06\/Auschwitz-2-19-559x420.jpg 559w, https:\/\/av.arbeaumont.eu\/wp-content\/uploads\/2018\/06\/Auschwitz-2-19-300x225.jpg 300w, https:\/\/av.arbeaumont.eu\/wp-content\/uploads\/2018\/06\/Auschwitz-2-19-768x577.jpg 768w, https:\/\/av.arbeaumont.eu\/wp-content\/uploads\/2018\/06\/Auschwitz-2-19-1024x769.jpg 1024w, https:\/\/av.arbeaumont.eu\/wp-content\/uploads\/2018\/06\/Auschwitz-2-19-80x60.jpg 80w, https:\/\/av.arbeaumont.eu\/wp-content\/uploads\/2018\/06\/Auschwitz-2-19-265x198.jpg 265w, https:\/\/av.arbeaumont.eu\/wp-content\/uploads\/2018\/06\/Auschwitz-2-19-696x523.jpg 696w, https:\/\/av.arbeaumont.eu\/wp-content\/uploads\/2018\/06\/Auschwitz-2-19-1068x802.jpg 1068w, https:\/\/av.arbeaumont.eu\/wp-content\/uploads\/2018\/06\/Auschwitz-2-19.jpg 2048w\" sizes=\"(max-width: 559px) 100vw, 559px\" alt=\"\">\r\n                            <\/a>\r\n                            \r\n                        <\/figure>\r\n                    <\/div>\r\n                    <div class = \"td-slide-item td-item39\">\r\n                        <figure class=\"td-slide-galery-figure td-slide-popup-gallery\">\r\n                            <a class=\"slide-gallery-image-link\" href=\"https:\/\/av.arbeaumont.eu\/wp-content\/uploads\/2018\/06\/Auschwitz-2-20.jpg\" title=\"Auschwitz 2-20\"  data-caption=\"\"  data-description=\"\">\r\n                                <img decoding=\"async\" src=\"https:\/\/av.arbeaumont.eu\/wp-content\/uploads\/2018\/06\/Auschwitz-2-20-559x420.jpg\" srcset=\"https:\/\/av.arbeaumont.eu\/wp-content\/uploads\/2018\/06\/Auschwitz-2-20-559x420.jpg 559w, https:\/\/av.arbeaumont.eu\/wp-content\/uploads\/2018\/06\/Auschwitz-2-20-300x225.jpg 300w, https:\/\/av.arbeaumont.eu\/wp-content\/uploads\/2018\/06\/Auschwitz-2-20-768x577.jpg 768w, https:\/\/av.arbeaumont.eu\/wp-content\/uploads\/2018\/06\/Auschwitz-2-20-1024x769.jpg 1024w, https:\/\/av.arbeaumont.eu\/wp-content\/uploads\/2018\/06\/Auschwitz-2-20-80x60.jpg 80w, https:\/\/av.arbeaumont.eu\/wp-content\/uploads\/2018\/06\/Auschwitz-2-20-265x198.jpg 265w, https:\/\/av.arbeaumont.eu\/wp-content\/uploads\/2018\/06\/Auschwitz-2-20-696x523.jpg 696w, https:\/\/av.arbeaumont.eu\/wp-content\/uploads\/2018\/06\/Auschwitz-2-20-1068x802.jpg 1068w, https:\/\/av.arbeaumont.eu\/wp-content\/uploads\/2018\/06\/Auschwitz-2-20.jpg 2048w\" sizes=\"(max-width: 559px) 100vw, 559px\" alt=\"\">\r\n                            <\/a>\r\n                            \r\n                        <\/figure>\r\n                    <\/div>\r\n                    <div class = \"td-slide-item td-item40\">\r\n                        <figure class=\"td-slide-galery-figure td-slide-popup-gallery\">\r\n                            <a class=\"slide-gallery-image-link\" href=\"https:\/\/av.arbeaumont.eu\/wp-content\/uploads\/2018\/06\/Auschwitz-2-21.jpg\" title=\"Auschwitz 2-21\"  data-caption=\"\"  data-description=\"\">\r\n                                <img decoding=\"async\" src=\"https:\/\/av.arbeaumont.eu\/wp-content\/uploads\/2018\/06\/Auschwitz-2-21-315x420.jpg\" srcset=\"https:\/\/av.arbeaumont.eu\/wp-content\/uploads\/2018\/06\/Auschwitz-2-21-315x420.jpg 315w, https:\/\/av.arbeaumont.eu\/wp-content\/uploads\/2018\/06\/Auschwitz-2-21-225x300.jpg 225w, https:\/\/av.arbeaumont.eu\/wp-content\/uploads\/2018\/06\/Auschwitz-2-21-768x1023.jpg 768w, https:\/\/av.arbeaumont.eu\/wp-content\/uploads\/2018\/06\/Auschwitz-2-21-769x1024.jpg 769w, https:\/\/av.arbeaumont.eu\/wp-content\/uploads\/2018\/06\/Auschwitz-2-21-696x927.jpg 696w, https:\/\/av.arbeaumont.eu\/wp-content\/uploads\/2018\/06\/Auschwitz-2-21-1068x1422.jpg 1068w, https:\/\/av.arbeaumont.eu\/wp-content\/uploads\/2018\/06\/Auschwitz-2-21.jpg 1538w\" sizes=\"(max-width: 315px) 100vw, 315px\" alt=\"\">\r\n                            <\/a>\r\n                            \r\n                        <\/figure>\r\n                    <\/div>\r\n                    <div class = \"td-slide-item td-item41\">\r\n                        <figure class=\"td-slide-galery-figure td-slide-popup-gallery\">\r\n                            <a class=\"slide-gallery-image-link\" href=\"https:\/\/av.arbeaumont.eu\/wp-content\/uploads\/2018\/06\/Auschwitz-2-17.jpg\" title=\"Auschwitz 2-17\"  data-caption=\"\"  data-description=\"\">\r\n                                <img decoding=\"async\" src=\"https:\/\/av.arbeaumont.eu\/wp-content\/uploads\/2018\/06\/Auschwitz-2-17-559x420.jpg\" srcset=\"https:\/\/av.arbeaumont.eu\/wp-content\/uploads\/2018\/06\/Auschwitz-2-17-559x420.jpg 559w, https:\/\/av.arbeaumont.eu\/wp-content\/uploads\/2018\/06\/Auschwitz-2-17-300x225.jpg 300w, https:\/\/av.arbeaumont.eu\/wp-content\/uploads\/2018\/06\/Auschwitz-2-17-768x577.jpg 768w, https:\/\/av.arbeaumont.eu\/wp-content\/uploads\/2018\/06\/Auschwitz-2-17-1024x769.jpg 1024w, https:\/\/av.arbeaumont.eu\/wp-content\/uploads\/2018\/06\/Auschwitz-2-17-80x60.jpg 80w, https:\/\/av.arbeaumont.eu\/wp-content\/uploads\/2018\/06\/Auschwitz-2-17-265x198.jpg 265w, https:\/\/av.arbeaumont.eu\/wp-content\/uploads\/2018\/06\/Auschwitz-2-17-696x523.jpg 696w, https:\/\/av.arbeaumont.eu\/wp-content\/uploads\/2018\/06\/Auschwitz-2-17-1068x802.jpg 1068w, https:\/\/av.arbeaumont.eu\/wp-content\/uploads\/2018\/06\/Auschwitz-2-17.jpg 2048w\" sizes=\"(max-width: 559px) 100vw, 559px\" alt=\"\">\r\n                            <\/a>\r\n                            \r\n                        <\/figure>\r\n                    <\/div>\r\n                    <div class = \"td-slide-item td-item42\">\r\n                        <figure class=\"td-slide-galery-figure td-slide-popup-gallery\">\r\n                            <a class=\"slide-gallery-image-link\" href=\"https:\/\/av.arbeaumont.eu\/wp-content\/uploads\/2018\/06\/Auschwitz-2-16.jpg\" title=\"Auschwitz 2-16\"  data-caption=\"\"  data-description=\"\">\r\n                                <img decoding=\"async\" src=\"https:\/\/av.arbeaumont.eu\/wp-content\/uploads\/2018\/06\/Auschwitz-2-16-559x420.jpg\" srcset=\"https:\/\/av.arbeaumont.eu\/wp-content\/uploads\/2018\/06\/Auschwitz-2-16-559x420.jpg 559w, https:\/\/av.arbeaumont.eu\/wp-content\/uploads\/2018\/06\/Auschwitz-2-16-300x225.jpg 300w, https:\/\/av.arbeaumont.eu\/wp-content\/uploads\/2018\/06\/Auschwitz-2-16-768x577.jpg 768w, https:\/\/av.arbeaumont.eu\/wp-content\/uploads\/2018\/06\/Auschwitz-2-16-1024x769.jpg 1024w, https:\/\/av.arbeaumont.eu\/wp-content\/uploads\/2018\/06\/Auschwitz-2-16-80x60.jpg 80w, https:\/\/av.arbeaumont.eu\/wp-content\/uploads\/2018\/06\/Auschwitz-2-16-265x198.jpg 265w, https:\/\/av.arbeaumont.eu\/wp-content\/uploads\/2018\/06\/Auschwitz-2-16-696x523.jpg 696w, https:\/\/av.arbeaumont.eu\/wp-content\/uploads\/2018\/06\/Auschwitz-2-16-1068x802.jpg 1068w, https:\/\/av.arbeaumont.eu\/wp-content\/uploads\/2018\/06\/Auschwitz-2-16.jpg 2048w\" sizes=\"(max-width: 559px) 100vw, 559px\" alt=\"\">\r\n                            <\/a>\r\n                            \r\n                        <\/figure>\r\n                    <\/div>\r\n                    <div class = \"td-slide-item td-item43\">\r\n                        <figure class=\"td-slide-galery-figure td-slide-popup-gallery\">\r\n                            <a class=\"slide-gallery-image-link\" href=\"https:\/\/av.arbeaumont.eu\/wp-content\/uploads\/2018\/06\/Auschwitz-2-15.jpg\" title=\"Auschwitz 2-15\"  data-caption=\"\"  data-description=\"\">\r\n                                <img decoding=\"async\" src=\"https:\/\/av.arbeaumont.eu\/wp-content\/uploads\/2018\/06\/Auschwitz-2-15-629x420.jpg\" srcset=\"https:\/\/av.arbeaumont.eu\/wp-content\/uploads\/2018\/06\/Auschwitz-2-15-629x420.jpg 629w, https:\/\/av.arbeaumont.eu\/wp-content\/uploads\/2018\/06\/Auschwitz-2-15-300x200.jpg 300w, https:\/\/av.arbeaumont.eu\/wp-content\/uploads\/2018\/06\/Auschwitz-2-15-768x513.jpg 768w, https:\/\/av.arbeaumont.eu\/wp-content\/uploads\/2018\/06\/Auschwitz-2-15-1024x684.jpg 1024w, https:\/\/av.arbeaumont.eu\/wp-content\/uploads\/2018\/06\/Auschwitz-2-15-696x465.jpg 696w, https:\/\/av.arbeaumont.eu\/wp-content\/uploads\/2018\/06\/Auschwitz-2-15-1068x713.jpg 1068w, https:\/\/av.arbeaumont.eu\/wp-content\/uploads\/2018\/06\/Auschwitz-2-15.jpg 2048w\" sizes=\"(max-width: 629px) 100vw, 629px\" alt=\"\">\r\n                            <\/a>\r\n                            \r\n                        <\/figure>\r\n                    <\/div>\r\n                    <div class = \"td-slide-item td-item44\">\r\n                        <figure class=\"td-slide-galery-figure td-slide-popup-gallery\">\r\n                            <a class=\"slide-gallery-image-link\" href=\"https:\/\/av.arbeaumont.eu\/wp-content\/uploads\/2018\/06\/Auschwitz-2-14.jpg\" title=\"Auschwitz 2-14\"  data-caption=\"\"  data-description=\"\">\r\n                                <img decoding=\"async\" src=\"https:\/\/av.arbeaumont.eu\/wp-content\/uploads\/2018\/06\/Auschwitz-2-14-629x420.jpg\" srcset=\"https:\/\/av.arbeaumont.eu\/wp-content\/uploads\/2018\/06\/Auschwitz-2-14-629x420.jpg 629w, https:\/\/av.arbeaumont.eu\/wp-content\/uploads\/2018\/06\/Auschwitz-2-14-300x200.jpg 300w, https:\/\/av.arbeaumont.eu\/wp-content\/uploads\/2018\/06\/Auschwitz-2-14-768x513.jpg 768w, https:\/\/av.arbeaumont.eu\/wp-content\/uploads\/2018\/06\/Auschwitz-2-14-1024x684.jpg 1024w, https:\/\/av.arbeaumont.eu\/wp-content\/uploads\/2018\/06\/Auschwitz-2-14-696x465.jpg 696w, https:\/\/av.arbeaumont.eu\/wp-content\/uploads\/2018\/06\/Auschwitz-2-14-1068x713.jpg 1068w, https:\/\/av.arbeaumont.eu\/wp-content\/uploads\/2018\/06\/Auschwitz-2-14.jpg 2048w\" sizes=\"(max-width: 629px) 100vw, 629px\" alt=\"\">\r\n                            <\/a>\r\n                            \r\n                        <\/figure>\r\n                    <\/div>\r\n                    <div class = \"td-slide-item td-item45\">\r\n                        <figure class=\"td-slide-galery-figure td-slide-popup-gallery\">\r\n                            <a class=\"slide-gallery-image-link\" href=\"https:\/\/av.arbeaumont.eu\/wp-content\/uploads\/2018\/06\/Auschwitz-2-10.jpg\" title=\"Auschwitz 2-10\"  data-caption=\"\"  data-description=\"\">\r\n                                <img decoding=\"async\" src=\"https:\/\/av.arbeaumont.eu\/wp-content\/uploads\/2018\/06\/Auschwitz-2-10-629x420.jpg\" srcset=\"https:\/\/av.arbeaumont.eu\/wp-content\/uploads\/2018\/06\/Auschwitz-2-10-629x420.jpg 629w, https:\/\/av.arbeaumont.eu\/wp-content\/uploads\/2018\/06\/Auschwitz-2-10-300x200.jpg 300w, https:\/\/av.arbeaumont.eu\/wp-content\/uploads\/2018\/06\/Auschwitz-2-10-768x513.jpg 768w, https:\/\/av.arbeaumont.eu\/wp-content\/uploads\/2018\/06\/Auschwitz-2-10-1024x684.jpg 1024w, https:\/\/av.arbeaumont.eu\/wp-content\/uploads\/2018\/06\/Auschwitz-2-10-696x465.jpg 696w, https:\/\/av.arbeaumont.eu\/wp-content\/uploads\/2018\/06\/Auschwitz-2-10-1068x713.jpg 1068w, https:\/\/av.arbeaumont.eu\/wp-content\/uploads\/2018\/06\/Auschwitz-2-10.jpg 2048w\" sizes=\"(max-width: 629px) 100vw, 629px\" alt=\"\">\r\n                            <\/a>\r\n                            \r\n                        <\/figure>\r\n                    <\/div>\r\n                    <div class = \"td-slide-item td-item46\">\r\n                        <figure class=\"td-slide-galery-figure td-slide-popup-gallery\">\r\n                            <a class=\"slide-gallery-image-link\" href=\"https:\/\/av.arbeaumont.eu\/wp-content\/uploads\/2018\/06\/Auschwitz-2-13.jpg\" title=\"Auschwitz 2-13\"  data-caption=\"\"  data-description=\"\">\r\n                                <img decoding=\"async\" src=\"https:\/\/av.arbeaumont.eu\/wp-content\/uploads\/2018\/06\/Auschwitz-2-13-629x420.jpg\" srcset=\"https:\/\/av.arbeaumont.eu\/wp-content\/uploads\/2018\/06\/Auschwitz-2-13-629x420.jpg 629w, https:\/\/av.arbeaumont.eu\/wp-content\/uploads\/2018\/06\/Auschwitz-2-13-300x200.jpg 300w, https:\/\/av.arbeaumont.eu\/wp-content\/uploads\/2018\/06\/Auschwitz-2-13-768x513.jpg 768w, https:\/\/av.arbeaumont.eu\/wp-content\/uploads\/2018\/06\/Auschwitz-2-13-1024x684.jpg 1024w, https:\/\/av.arbeaumont.eu\/wp-content\/uploads\/2018\/06\/Auschwitz-2-13-696x465.jpg 696w, https:\/\/av.arbeaumont.eu\/wp-content\/uploads\/2018\/06\/Auschwitz-2-13-1068x713.jpg 1068w, https:\/\/av.arbeaumont.eu\/wp-content\/uploads\/2018\/06\/Auschwitz-2-13.jpg 2048w\" sizes=\"(max-width: 629px) 100vw, 629px\" alt=\"\">\r\n                            <\/a>\r\n                            \r\n                        <\/figure>\r\n                    <\/div>\r\n                    <div class = \"td-slide-item td-item47\">\r\n                        <figure class=\"td-slide-galery-figure td-slide-popup-gallery\">\r\n                            <a class=\"slide-gallery-image-link\" href=\"https:\/\/av.arbeaumont.eu\/wp-content\/uploads\/2018\/06\/Auschwitz-2-12.jpg\" title=\"Auschwitz 2-12\"  data-caption=\"\"  data-description=\"\">\r\n                                <img decoding=\"async\" src=\"https:\/\/av.arbeaumont.eu\/wp-content\/uploads\/2018\/06\/Auschwitz-2-12-629x420.jpg\" srcset=\"https:\/\/av.arbeaumont.eu\/wp-content\/uploads\/2018\/06\/Auschwitz-2-12-629x420.jpg 629w, https:\/\/av.arbeaumont.eu\/wp-content\/uploads\/2018\/06\/Auschwitz-2-12-300x200.jpg 300w, https:\/\/av.arbeaumont.eu\/wp-content\/uploads\/2018\/06\/Auschwitz-2-12-768x513.jpg 768w, https:\/\/av.arbeaumont.eu\/wp-content\/uploads\/2018\/06\/Auschwitz-2-12-1024x684.jpg 1024w, https:\/\/av.arbeaumont.eu\/wp-content\/uploads\/2018\/06\/Auschwitz-2-12-696x465.jpg 696w, https:\/\/av.arbeaumont.eu\/wp-content\/uploads\/2018\/06\/Auschwitz-2-12-1068x713.jpg 1068w, https:\/\/av.arbeaumont.eu\/wp-content\/uploads\/2018\/06\/Auschwitz-2-12.jpg 2048w\" sizes=\"(max-width: 629px) 100vw, 629px\" alt=\"\">\r\n                            <\/a>\r\n                            \r\n                        <\/figure>\r\n                    <\/div>\r\n                    <div class = \"td-slide-item td-item48\">\r\n                        <figure class=\"td-slide-galery-figure td-slide-popup-gallery\">\r\n                            <a class=\"slide-gallery-image-link\" href=\"https:\/\/av.arbeaumont.eu\/wp-content\/uploads\/2018\/06\/Auschwitz-2-7.jpg\" title=\"Auschwitz 2-7\"  data-caption=\"\"  data-description=\"\">\r\n                                <img decoding=\"async\" src=\"https:\/\/av.arbeaumont.eu\/wp-content\/uploads\/2018\/06\/Auschwitz-2-7-629x420.jpg\" srcset=\"https:\/\/av.arbeaumont.eu\/wp-content\/uploads\/2018\/06\/Auschwitz-2-7-629x420.jpg 629w, https:\/\/av.arbeaumont.eu\/wp-content\/uploads\/2018\/06\/Auschwitz-2-7-300x200.jpg 300w, https:\/\/av.arbeaumont.eu\/wp-content\/uploads\/2018\/06\/Auschwitz-2-7-768x513.jpg 768w, https:\/\/av.arbeaumont.eu\/wp-content\/uploads\/2018\/06\/Auschwitz-2-7-1024x684.jpg 1024w, https:\/\/av.arbeaumont.eu\/wp-content\/uploads\/2018\/06\/Auschwitz-2-7-696x465.jpg 696w, https:\/\/av.arbeaumont.eu\/wp-content\/uploads\/2018\/06\/Auschwitz-2-7-1068x713.jpg 1068w, https:\/\/av.arbeaumont.eu\/wp-content\/uploads\/2018\/06\/Auschwitz-2-7.jpg 2048w\" sizes=\"(max-width: 629px) 100vw, 629px\" alt=\"\">\r\n                            <\/a>\r\n                            \r\n                        <\/figure>\r\n                    <\/div>\r\n                    <div class = \"td-slide-item td-item49\">\r\n                        <figure class=\"td-slide-galery-figure td-slide-popup-gallery\">\r\n                            <a class=\"slide-gallery-image-link\" href=\"https:\/\/av.arbeaumont.eu\/wp-content\/uploads\/2018\/06\/Auschwitz-2-8.jpg\" title=\"Auschwitz 2-8\"  data-caption=\"\"  data-description=\"\">\r\n                                <img decoding=\"async\" src=\"https:\/\/av.arbeaumont.eu\/wp-content\/uploads\/2018\/06\/Auschwitz-2-8-280x420.jpg\" srcset=\"https:\/\/av.arbeaumont.eu\/wp-content\/uploads\/2018\/06\/Auschwitz-2-8-280x420.jpg 280w, https:\/\/av.arbeaumont.eu\/wp-content\/uploads\/2018\/06\/Auschwitz-2-8-200x300.jpg 200w, https:\/\/av.arbeaumont.eu\/wp-content\/uploads\/2018\/06\/Auschwitz-2-8-768x1151.jpg 768w, https:\/\/av.arbeaumont.eu\/wp-content\/uploads\/2018\/06\/Auschwitz-2-8-684x1024.jpg 684w, https:\/\/av.arbeaumont.eu\/wp-content\/uploads\/2018\/06\/Auschwitz-2-8-696x1043.jpg 696w, https:\/\/av.arbeaumont.eu\/wp-content\/uploads\/2018\/06\/Auschwitz-2-8-1068x1600.jpg 1068w, https:\/\/av.arbeaumont.eu\/wp-content\/uploads\/2018\/06\/Auschwitz-2-8.jpg 1367w\" sizes=\"(max-width: 280px) 100vw, 280px\" alt=\"\">\r\n                            <\/a>\r\n                            \r\n                        <\/figure>\r\n                    <\/div>\r\n                    <div class = \"td-slide-item td-item50\">\r\n                        <figure class=\"td-slide-galery-figure td-slide-popup-gallery\">\r\n                            <a class=\"slide-gallery-image-link\" href=\"https:\/\/av.arbeaumont.eu\/wp-content\/uploads\/2018\/06\/Auschwitz-2-11.jpg\" title=\"Auschwitz 2-11\"  data-caption=\"\"  data-description=\"\">\r\n                                <img decoding=\"async\" src=\"https:\/\/av.arbeaumont.eu\/wp-content\/uploads\/2018\/06\/Auschwitz-2-11-629x420.jpg\" srcset=\"https:\/\/av.arbeaumont.eu\/wp-content\/uploads\/2018\/06\/Auschwitz-2-11-629x420.jpg 629w, https:\/\/av.arbeaumont.eu\/wp-content\/uploads\/2018\/06\/Auschwitz-2-11-300x200.jpg 300w, https:\/\/av.arbeaumont.eu\/wp-content\/uploads\/2018\/06\/Auschwitz-2-11-768x513.jpg 768w, https:\/\/av.arbeaumont.eu\/wp-content\/uploads\/2018\/06\/Auschwitz-2-11-1024x684.jpg 1024w, https:\/\/av.arbeaumont.eu\/wp-content\/uploads\/2018\/06\/Auschwitz-2-11-696x465.jpg 696w, https:\/\/av.arbeaumont.eu\/wp-content\/uploads\/2018\/06\/Auschwitz-2-11-1068x713.jpg 1068w, https:\/\/av.arbeaumont.eu\/wp-content\/uploads\/2018\/06\/Auschwitz-2-11.jpg 2048w\" sizes=\"(max-width: 629px) 100vw, 629px\" alt=\"\">\r\n                            <\/a>\r\n                            \r\n                        <\/figure>\r\n                    <\/div>\r\n                    <div class = \"td-slide-item td-item51\">\r\n                        <figure class=\"td-slide-galery-figure td-slide-popup-gallery\">\r\n                            <a class=\"slide-gallery-image-link\" href=\"https:\/\/av.arbeaumont.eu\/wp-content\/uploads\/2018\/06\/Auschwitz-2-6.jpg\" title=\"Auschwitz 2-6\"  data-caption=\"\"  data-description=\"\">\r\n                                <img decoding=\"async\" src=\"https:\/\/av.arbeaumont.eu\/wp-content\/uploads\/2018\/06\/Auschwitz-2-6-629x420.jpg\" srcset=\"https:\/\/av.arbeaumont.eu\/wp-content\/uploads\/2018\/06\/Auschwitz-2-6-629x420.jpg 629w, https:\/\/av.arbeaumont.eu\/wp-content\/uploads\/2018\/06\/Auschwitz-2-6-300x200.jpg 300w, https:\/\/av.arbeaumont.eu\/wp-content\/uploads\/2018\/06\/Auschwitz-2-6-768x513.jpg 768w, https:\/\/av.arbeaumont.eu\/wp-content\/uploads\/2018\/06\/Auschwitz-2-6-1024x684.jpg 1024w, https:\/\/av.arbeaumont.eu\/wp-content\/uploads\/2018\/06\/Auschwitz-2-6-696x465.jpg 696w, https:\/\/av.arbeaumont.eu\/wp-content\/uploads\/2018\/06\/Auschwitz-2-6-1068x713.jpg 1068w, https:\/\/av.arbeaumont.eu\/wp-content\/uploads\/2018\/06\/Auschwitz-2-6.jpg 2048w\" sizes=\"(max-width: 629px) 100vw, 629px\" alt=\"\">\r\n                            <\/a>\r\n                            \r\n                        <\/figure>\r\n                    <\/div>\r\n                    <div class = \"td-slide-item td-item52\">\r\n                        <figure class=\"td-slide-galery-figure td-slide-popup-gallery\">\r\n                            <a class=\"slide-gallery-image-link\" href=\"https:\/\/av.arbeaumont.eu\/wp-content\/uploads\/2018\/06\/Auschwitz-2-9.jpg\" title=\"Auschwitz 2-9\"  data-caption=\"\"  data-description=\"\">\r\n                                <img decoding=\"async\" src=\"https:\/\/av.arbeaumont.eu\/wp-content\/uploads\/2018\/06\/Auschwitz-2-9-629x420.jpg\" srcset=\"https:\/\/av.arbeaumont.eu\/wp-content\/uploads\/2018\/06\/Auschwitz-2-9-629x420.jpg 629w, https:\/\/av.arbeaumont.eu\/wp-content\/uploads\/2018\/06\/Auschwitz-2-9-300x200.jpg 300w, https:\/\/av.arbeaumont.eu\/wp-content\/uploads\/2018\/06\/Auschwitz-2-9-768x513.jpg 768w, https:\/\/av.arbeaumont.eu\/wp-content\/uploads\/2018\/06\/Auschwitz-2-9-1024x684.jpg 1024w, https:\/\/av.arbeaumont.eu\/wp-content\/uploads\/2018\/06\/Auschwitz-2-9-696x465.jpg 696w, https:\/\/av.arbeaumont.eu\/wp-content\/uploads\/2018\/06\/Auschwitz-2-9-1068x713.jpg 1068w, https:\/\/av.arbeaumont.eu\/wp-content\/uploads\/2018\/06\/Auschwitz-2-9.jpg 2048w\" sizes=\"(max-width: 629px) 100vw, 629px\" alt=\"\">\r\n                            <\/a>\r\n                            \r\n                        <\/figure>\r\n                    <\/div>\r\n                    <div class = \"td-slide-item td-item53\">\r\n                        <figure class=\"td-slide-galery-figure td-slide-popup-gallery\">\r\n                            <a class=\"slide-gallery-image-link\" href=\"https:\/\/av.arbeaumont.eu\/wp-content\/uploads\/2018\/06\/Auschwitz-2-5.jpg\" title=\"Auschwitz 2-5\"  data-caption=\"\"  data-description=\"\">\r\n                                <img decoding=\"async\" src=\"https:\/\/av.arbeaumont.eu\/wp-content\/uploads\/2018\/06\/Auschwitz-2-5-629x420.jpg\" srcset=\"https:\/\/av.arbeaumont.eu\/wp-content\/uploads\/2018\/06\/Auschwitz-2-5-629x420.jpg 629w, https:\/\/av.arbeaumont.eu\/wp-content\/uploads\/2018\/06\/Auschwitz-2-5-300x200.jpg 300w, https:\/\/av.arbeaumont.eu\/wp-content\/uploads\/2018\/06\/Auschwitz-2-5-768x513.jpg 768w, https:\/\/av.arbeaumont.eu\/wp-content\/uploads\/2018\/06\/Auschwitz-2-5-1024x684.jpg 1024w, https:\/\/av.arbeaumont.eu\/wp-content\/uploads\/2018\/06\/Auschwitz-2-5-696x465.jpg 696w, https:\/\/av.arbeaumont.eu\/wp-content\/uploads\/2018\/06\/Auschwitz-2-5-1068x713.jpg 1068w, https:\/\/av.arbeaumont.eu\/wp-content\/uploads\/2018\/06\/Auschwitz-2-5.jpg 2048w\" sizes=\"(max-width: 629px) 100vw, 629px\" alt=\"\">\r\n                            <\/a>\r\n                            \r\n                        <\/figure>\r\n                    <\/div>\r\n                    <div class = \"td-slide-item td-item54\">\r\n                        <figure class=\"td-slide-galery-figure td-slide-popup-gallery\">\r\n                            <a class=\"slide-gallery-image-link\" href=\"https:\/\/av.arbeaumont.eu\/wp-content\/uploads\/2018\/06\/Auschwitz-2-3.jpg\" title=\"Auschwitz 2-3\"  data-caption=\"\"  data-description=\"\">\r\n                                <img decoding=\"async\" src=\"https:\/\/av.arbeaumont.eu\/wp-content\/uploads\/2018\/06\/Auschwitz-2-3-629x420.jpg\" srcset=\"https:\/\/av.arbeaumont.eu\/wp-content\/uploads\/2018\/06\/Auschwitz-2-3-629x420.jpg 629w, https:\/\/av.arbeaumont.eu\/wp-content\/uploads\/2018\/06\/Auschwitz-2-3-300x200.jpg 300w, https:\/\/av.arbeaumont.eu\/wp-content\/uploads\/2018\/06\/Auschwitz-2-3-768x513.jpg 768w, https:\/\/av.arbeaumont.eu\/wp-content\/uploads\/2018\/06\/Auschwitz-2-3-1024x684.jpg 1024w, https:\/\/av.arbeaumont.eu\/wp-content\/uploads\/2018\/06\/Auschwitz-2-3-696x465.jpg 696w, https:\/\/av.arbeaumont.eu\/wp-content\/uploads\/2018\/06\/Auschwitz-2-3-1068x713.jpg 1068w, https:\/\/av.arbeaumont.eu\/wp-content\/uploads\/2018\/06\/Auschwitz-2-3.jpg 2048w\" sizes=\"(max-width: 629px) 100vw, 629px\" alt=\"\">\r\n                            <\/a>\r\n                            \r\n                        <\/figure>\r\n                    <\/div>\r\n                    <div class = \"td-slide-item td-item55\">\r\n                        <figure class=\"td-slide-galery-figure td-slide-popup-gallery\">\r\n                            <a class=\"slide-gallery-image-link\" href=\"https:\/\/av.arbeaumont.eu\/wp-content\/uploads\/2018\/06\/Auschwitz-2-2.jpg\" title=\"Auschwitz 2-2\"  data-caption=\"\"  data-description=\"\">\r\n                                <img decoding=\"async\" src=\"https:\/\/av.arbeaumont.eu\/wp-content\/uploads\/2018\/06\/Auschwitz-2-2-629x420.jpg\" srcset=\"https:\/\/av.arbeaumont.eu\/wp-content\/uploads\/2018\/06\/Auschwitz-2-2-629x420.jpg 629w, https:\/\/av.arbeaumont.eu\/wp-content\/uploads\/2018\/06\/Auschwitz-2-2-300x200.jpg 300w, https:\/\/av.arbeaumont.eu\/wp-content\/uploads\/2018\/06\/Auschwitz-2-2-768x513.jpg 768w, https:\/\/av.arbeaumont.eu\/wp-content\/uploads\/2018\/06\/Auschwitz-2-2-1024x684.jpg 1024w, https:\/\/av.arbeaumont.eu\/wp-content\/uploads\/2018\/06\/Auschwitz-2-2-696x465.jpg 696w, https:\/\/av.arbeaumont.eu\/wp-content\/uploads\/2018\/06\/Auschwitz-2-2-1068x713.jpg 1068w, https:\/\/av.arbeaumont.eu\/wp-content\/uploads\/2018\/06\/Auschwitz-2-2.jpg 2048w\" sizes=\"(max-width: 629px) 100vw, 629px\" alt=\"\">\r\n                            <\/a>\r\n                            \r\n                        <\/figure>\r\n                    <\/div>\r\n                    <div class = \"td-slide-item td-item56\">\r\n                        <figure class=\"td-slide-galery-figure td-slide-popup-gallery\">\r\n                            <a class=\"slide-gallery-image-link\" href=\"https:\/\/av.arbeaumont.eu\/wp-content\/uploads\/2018\/06\/Auschwitz-2-4.jpg\" title=\"Auschwitz 2-4\"  data-caption=\"\"  data-description=\"\">\r\n                                <img decoding=\"async\" src=\"https:\/\/av.arbeaumont.eu\/wp-content\/uploads\/2018\/06\/Auschwitz-2-4-629x420.jpg\" srcset=\"https:\/\/av.arbeaumont.eu\/wp-content\/uploads\/2018\/06\/Auschwitz-2-4-629x420.jpg 629w, https:\/\/av.arbeaumont.eu\/wp-content\/uploads\/2018\/06\/Auschwitz-2-4-300x200.jpg 300w, https:\/\/av.arbeaumont.eu\/wp-content\/uploads\/2018\/06\/Auschwitz-2-4-768x513.jpg 768w, https:\/\/av.arbeaumont.eu\/wp-content\/uploads\/2018\/06\/Auschwitz-2-4-1024x684.jpg 1024w, https:\/\/av.arbeaumont.eu\/wp-content\/uploads\/2018\/06\/Auschwitz-2-4-696x465.jpg 696w, https:\/\/av.arbeaumont.eu\/wp-content\/uploads\/2018\/06\/Auschwitz-2-4-1068x713.jpg 1068w, https:\/\/av.arbeaumont.eu\/wp-content\/uploads\/2018\/06\/Auschwitz-2-4.jpg 2048w\" sizes=\"(max-width: 629px) 100vw, 629px\" alt=\"\">\r\n                            <\/a>\r\n                            \r\n                        <\/figure>\r\n                    <\/div>\r\n                            <\/div>\r\n                        <\/div>\r\n\r\n                        <div class = \"td-doubleSlider-2\">\r\n                            <div class = \"td-slider\">\r\n                                \r\n                    <div class = \"td-button td-item1\">\r\n                        <div class = \"td-border\"><\/div>\r\n                    <\/div>\r\n                    <div class = \"td-button td-item2\">\r\n                        <div class = \"td-border\"><\/div>\r\n                    <\/div>\r\n                    <div class = \"td-button td-item3\">\r\n                        <div class = \"td-border\"><\/div>\r\n                    <\/div>\r\n                    <div class = \"td-button td-item4\">\r\n                        <div class = \"td-border\"><\/div>\r\n                    <\/div>\r\n                    <div class = \"td-button td-item5\">\r\n                        <div class = \"td-border\"><\/div>\r\n                    <\/div>\r\n                    <div class = \"td-button td-item6\">\r\n                        <div class = \"td-border\"><\/div>\r\n                    <\/div>\r\n                    <div class = \"td-button td-item7\">\r\n                        <div class = \"td-border\"><\/div>\r\n                    <\/div>\r\n                    <div class = \"td-button td-item8\">\r\n                        <div class = \"td-border\"><\/div>\r\n                    <\/div>\r\n                    <div class = \"td-button td-item9\">\r\n                        <div class = \"td-border\"><\/div>\r\n                    <\/div>\r\n                    <div class = \"td-button td-item10\">\r\n                        <div class = \"td-border\"><\/div>\r\n                    <\/div>\r\n                    <div class = \"td-button td-item11\">\r\n                        <div class = \"td-border\"><\/div>\r\n                    <\/div>\r\n                    <div class = \"td-button td-item12\">\r\n                        <div class = \"td-border\"><\/div>\r\n                    <\/div>\r\n                    <div class = \"td-button td-item13\">\r\n                        <div class = \"td-border\"><\/div>\r\n                    <\/div>\r\n                    <div class = \"td-button td-item14\">\r\n                        <div class = \"td-border\"><\/div>\r\n                    <\/div>\r\n                    <div class = \"td-button td-item15\">\r\n                        <div class = \"td-border\"><\/div>\r\n                    <\/div>\r\n                    <div class = \"td-button td-item16\">\r\n                        <div class = \"td-border\"><\/div>\r\n                    <\/div>\r\n                    <div class = \"td-button td-item17\">\r\n                        <div class = \"td-border\"><\/div>\r\n                    <\/div>\r\n                    <div class = \"td-button td-item18\">\r\n                        <div class = \"td-border\"><\/div>\r\n                    <\/div>\r\n                    <div class = \"td-button td-item19\">\r\n                        <div class = \"td-border\"><\/div>\r\n                    <\/div>\r\n                    <div class = \"td-button td-item20\">\r\n                        <div class = \"td-border\"><\/div>\r\n                    <\/div>\r\n                    <div class = \"td-button td-item21\">\r\n                        <div class = \"td-border\"><\/div>\r\n                    <\/div>\r\n                    <div class = \"td-button td-item22\">\r\n                        <div class = \"td-border\"><\/div>\r\n                    <\/div>\r\n                    <div class = \"td-button td-item23\">\r\n                        <div class = \"td-border\"><\/div>\r\n                    <\/div>\r\n                    <div class = \"td-button td-item24\">\r\n                        <div class = \"td-border\"><\/div>\r\n                    <\/div>\r\n                    <div class = \"td-button td-item25\">\r\n                        <div class = \"td-border\"><\/div>\r\n                    <\/div>\r\n                    <div class = \"td-button td-item26\">\r\n                        <div class = \"td-border\"><\/div>\r\n                    <\/div>\r\n                    <div class = \"td-button td-item27\">\r\n                        <div class = \"td-border\"><\/div>\r\n                    <\/div>\r\n                    <div class = \"td-button td-item28\">\r\n                        <div class = \"td-border\"><\/div>\r\n                    <\/div>\r\n                    <div class = \"td-button td-item29\">\r\n                        <div class = \"td-border\"><\/div>\r\n                    <\/div>\r\n                    <div class = \"td-button td-item30\">\r\n                        <div class = \"td-border\"><\/div>\r\n                    <\/div>\r\n                    <div class = \"td-button td-item31\">\r\n                        <div class = \"td-border\"><\/div>\r\n                    <\/div>\r\n                    <div class = \"td-button td-item32\">\r\n                        <div class = \"td-border\"><\/div>\r\n                    <\/div>\r\n                    <div class = \"td-button td-item33\">\r\n                        <div class = \"td-border\"><\/div>\r\n                    <\/div>\r\n                    <div class = \"td-button td-item34\">\r\n                        <div class = \"td-border\"><\/div>\r\n                    <\/div>\r\n                    <div class = \"td-button td-item35\">\r\n                        <div class = \"td-border\"><\/div>\r\n                    <\/div>\r\n                    <div class = \"td-button td-item36\">\r\n                        <div class = \"td-border\"><\/div>\r\n                    <\/div>\r\n                    <div class = \"td-button td-item37\">\r\n                        <div class = \"td-border\"><\/div>\r\n                    <\/div>\r\n                    <div class = \"td-button td-item38\">\r\n                        <div class = \"td-border\"><\/div>\r\n                    <\/div>\r\n                    <div class = \"td-button td-item39\">\r\n                        <div class = \"td-border\"><\/div>\r\n                    <\/div>\r\n                    <div class = \"td-button td-item40\">\r\n                        <div class = \"td-border\"><\/div>\r\n                    <\/div>\r\n                    <div class = \"td-button td-item41\">\r\n                        <div class = \"td-border\"><\/div>\r\n                    <\/div>\r\n                    <div class = \"td-button td-item42\">\r\n                        <div class = \"td-border\"><\/div>\r\n                    <\/div>\r\n                    <div class = \"td-button td-item43\">\r\n                        <div class = \"td-border\"><\/div>\r\n                    <\/div>\r\n                    <div class = \"td-button td-item44\">\r\n                        <div class = \"td-border\"><\/div>\r\n                    <\/div>\r\n                    <div class = \"td-button td-item45\">\r\n                        <div class = \"td-border\"><\/div>\r\n                    <\/div>\r\n                    <div class = \"td-button td-item46\">\r\n                        <div class = \"td-border\"><\/div>\r\n                    <\/div>\r\n                    <div class = \"td-button td-item47\">\r\n                        <div class = \"td-border\"><\/div>\r\n                    <\/div>\r\n                    <div class = \"td-button td-item48\">\r\n                        <div class = \"td-border\"><\/div>\r\n                    <\/div>\r\n                    <div class = \"td-button td-item49\">\r\n                        <div class = \"td-border\"><\/div>\r\n                    <\/div>\r\n                    <div class = \"td-button td-item50\">\r\n                        <div class = \"td-border\"><\/div>\r\n                    <\/div>\r\n                    <div class = \"td-button td-item51\">\r\n                        <div class = \"td-border\"><\/div>\r\n                    <\/div>\r\n                    <div class = \"td-button td-item52\">\r\n                        <div class = \"td-border\"><\/div>\r\n                    <\/div>\r\n                    <div class = \"td-button td-item53\">\r\n                        <div class = \"td-border\"><\/div>\r\n                    <\/div>\r\n                    <div class = \"td-button td-item54\">\r\n                        <div class = \"td-border\"><\/div>\r\n                    <\/div>\r\n                    <div class = \"td-button td-item55\">\r\n                        <div class = \"td-border\"><\/div>\r\n                    <\/div>\r\n                    <div class = \"td-button td-item56\">\r\n                        <div class = \"td-border\"><\/div>\r\n                    <\/div>\r\n                            <\/div>\r\n                        <\/div>\r\n\r\n                    <\/div>\r\n\r\n                <\/div>\r\n                \n<p>&nbsp;<\/p>\n","protected":false},"excerpt":{"rendered":"<p>Outre le documentaire consacr\u00e9 \u00e0 la d\u00e9portation de Simone Veil \u00e0 Auschwitz, les \u00e9l\u00e8ves de 5e ont \u00e9galement r\u00e9alis\u00e9 de nombreuses photos sur place, des clich\u00e9s parfois prenants et interpellants sur cet ancien camp d&rsquo;extermination. Ils ont aussi voulu rendre compte de leur travail sur place en r\u00e9alisant un making of photographique. &nbsp;<\/p>\n","protected":false},"author":1,"featured_media":995,"comment_status":"open","ping_status":"closed","sticky":false,"template":"","format":"standard","meta":{"jetpack_post_was_ever_published":false,"footnotes":""},"categories":[7],"tags":[],"class_list":{"0":"post-946","1":"post","2":"type-post","3":"status-publish","4":"format-standard","5":"has-post-thumbnail","7":"category-photos-a-la-une"},"jetpack_featured_media_url":"https:\/\/av.arbeaumont.eu\/wp-content\/uploads\/2018\/06\/Auschwitz-22.jpg","jetpack_sharing_enabled":true,"jetpack_shortlink":"https:\/\/wp.me\/p8Dhaa-fg","jetpack_likes_enabled":true,"jetpack-related-posts":[{"id":539,"url":"https:\/\/av.arbeaumont.eu\/index.php\/2017\/12\/17\/securite-routiere\/","url_meta":{"origin":946,"position":0},"title":"S\u00e9curit\u00e9 routi\u00e8re","date":"17 d\u00e9cembre 2017","format":false,"excerpt":"Tournage d'un clip de pr\u00e9vention Dans le cadre d'une collaboration men\u00e9e avec la maison des jeunes de Beaumont, les \u00e9l\u00e8ves de 5e audiovisuel ont r\u00e9alis\u00e9 le tournage d'un clip de pr\u00e9vention relatif \u00e0 la s\u00e9curit\u00e9 routi\u00e8re. \u00a0Durant toute une journ\u00e9e, ils se sont mis dans la peau de cameraman, preneur\u2026","rel":"","context":"Dans &quot;Les courts-m\u00e9trages&quot;","img":{"alt_text":"","src":"https:\/\/i0.wp.com\/av.arbeaumont.eu\/wp-content\/uploads\/2017\/12\/PUB-5TTR-17.jpg?resize=350%2C200&ssl=1","width":350,"height":200},"classes":[]},{"id":630,"url":"https:\/\/av.arbeaumont.eu\/index.php\/2018\/01\/24\/collaboration-entre-la-maison-des-jeunes-de-beaumont-et-lathenee\/","url_meta":{"origin":946,"position":1},"title":"La s\u00e9curit\u00e9 sur la route et sur internet","date":"24 janvier 2018","format":"video","excerpt":"La publicit\u00e9 en question Comment construire un message publicitaire ? \u00a0Quels sont les trucs utilis\u00e9s par les soci\u00e9t\u00e9s de marketing pour nous pi\u00e9ger? \u00a0Cherche-t-on \u00e0 nous mentir et \u00e0 nous manipuler? \u00a0Quelle vision de la soci\u00e9t\u00e9 la publicit\u00e9 nous renvoie-elle? \u00a0Toutes ces questions, nous les avons examin\u00e9es avec les 4e\u2026","rel":"","context":"Dans &quot;Affiches&quot;","img":{"alt_text":"","src":"https:\/\/i0.wp.com\/av.arbeaumont.eu\/wp-content\/uploads\/2018\/01\/BERNARD-Noah-Pub.jpg?resize=350%2C200&ssl=1","width":350,"height":200},"classes":[]},{"id":675,"url":"https:\/\/av.arbeaumont.eu\/index.php\/2018\/04\/15\/bande-annonce-du-documentaire-sur-auschwitz\/","url_meta":{"origin":946,"position":2},"title":"Bande annonce du documentaire sur Auschwitz","date":"15 avril 2018","format":false,"excerpt":"Lors de la journ\u00e9e portes ouvertes du 5 mai 2018, vous d\u00e9couvrirez le documentaire r\u00e9alis\u00e9 par les 5e audiovisuel \u00e0 Auschwitz. \u00a0Il raconte l'\u00e9pisode dramatique de la d\u00e9portation de Simone Veil dans ce camp allemand durant la deuxi\u00e8me guerre mondiale. \u00a0Un documentaire poignant et saisissant \u00e0 d\u00e9couvrir absolument. \u00a0Projections en\u2026","rel":"","context":"Dans &quot;Bande annonce&quot;","img":{"alt_text":"","src":"https:\/\/i0.wp.com\/av.arbeaumont.eu\/wp-content\/uploads\/2018\/04\/Papleux-reportage-Auschwitz-2-2.jpg?resize=350%2C200&ssl=1","width":350,"height":200},"classes":[]},{"id":2603,"url":"https:\/\/av.arbeaumont.eu\/index.php\/2022\/01\/08\/un-noel-ordinaire\/","url_meta":{"origin":946,"position":3},"title":"Un No\u00ebl ordinaire","date":"8 janvier 2022","format":false,"excerpt":"Dans le cadre du Festival de No\u00ebl de Solre-sur-Sambre (2021), certains \u00e9l\u00e8ves de 5e ont r\u00e9alis\u00e9 un court-m\u00e9trage sur le th\u00e8me d'un \"No\u00ebl pourri\". L\u00e9o Mabille a ainsi produit son premier court-m\u00e9trage sur le drame de la solitude. https:\/\/youtu.be\/JWMICCWpD4U","rel":"","context":"Dans &quot;Les courts-m\u00e9trages&quot;","img":{"alt_text":"","src":"https:\/\/i0.wp.com\/av.arbeaumont.eu\/wp-content\/uploads\/2022\/01\/Capture-decran-2022-01-08-a-14.40.09.png?resize=350%2C200&ssl=1","width":350,"height":200},"classes":[]},{"id":776,"url":"https:\/\/av.arbeaumont.eu\/index.php\/2018\/06\/11\/telesambre-parle-du-documentaire-sur-auschwitz\/","url_meta":{"origin":946,"position":4},"title":"T\u00e9l\u00e9sambre met le documentaire sur Auschwitz \u00e0 l&rsquo;honneur","date":"11 juin 2018","format":false,"excerpt":"Chouette reportage aujourd'hui dans le journal de T\u00e9l\u00e9sambre \u00e0 propos du reportage r\u00e9alis\u00e9 par les 5TTR \u00e0 Auschwitz. \u00a0Plusieurs extraits du documentaires ont \u00e9t\u00e9 repris int\u00e9gralement dans le reportage. \u00a0Une belle r\u00e9compense \u00e0 nouveau pour la section. Lien vers le reportage de T\u00e9l\u00e9sambre Voici quelques photos du tournage.","rel":"","context":"Dans &quot;La section audiovisuelle dans les m\u00e9dias&quot;","img":{"alt_text":"","src":"https:\/\/i0.wp.com\/av.arbeaumont.eu\/wp-content\/uploads\/2018\/05\/Reportage-4.jpg?resize=350%2C200&ssl=1","width":350,"height":200},"classes":[]},{"id":2856,"url":"https:\/\/av.arbeaumont.eu\/index.php\/2023\/02\/22\/la-journee-sans-sac-en-photos\/","url_meta":{"origin":946,"position":5},"title":"La journ\u00e9e sans sac en photos","date":"22 f\u00e9vrier 2023","format":false,"excerpt":"Cette ann\u00e9e, nous avons invit\u00e9 les \u00e9l\u00e8ves de rh\u00e9tos \u00e0 immortaliser \"la journ\u00e9e sans sac\". Voici les photos prises par les \u00e9l\u00e8ves de 5e audiovisuel (2023).","rel":"","context":"Dans &quot;Photos&quot;","img":{"alt_text":"","src":"https:\/\/i0.wp.com\/av.arbeaumont.eu\/wp-content\/uploads\/2023\/02\/DSC_0095-e1677093462342.jpg?resize=350%2C200&ssl=1","width":350,"height":200},"classes":[]}],"amp_enabled":true,"_links":{"self":[{"href":"https:\/\/av.arbeaumont.eu\/index.php\/wp-json\/wp\/v2\/posts\/946","targetHints":{"allow":["GET"]}}],"collection":[{"href":"https:\/\/av.arbeaumont.eu\/index.php\/wp-json\/wp\/v2\/posts"}],"about":[{"href":"https:\/\/av.arbeaumont.eu\/index.php\/wp-json\/wp\/v2\/types\/post"}],"author":[{"embeddable":true,"href":"https:\/\/av.arbeaumont.eu\/index.php\/wp-json\/wp\/v2\/users\/1"}],"replies":[{"embeddable":true,"href":"https:\/\/av.arbeaumont.eu\/index.php\/wp-json\/wp\/v2\/comments?post=946"}],"version-history":[{"count":2,"href":"https:\/\/av.arbeaumont.eu\/index.php\/wp-json\/wp\/v2\/posts\/946\/revisions"}],"predecessor-version":[{"id":1004,"href":"https:\/\/av.arbeaumont.eu\/index.php\/wp-json\/wp\/v2\/posts\/946\/revisions\/1004"}],"wp:featuredmedia":[{"embeddable":true,"href":"https:\/\/av.arbeaumont.eu\/index.php\/wp-json\/wp\/v2\/media\/995"}],"wp:attachment":[{"href":"https:\/\/av.arbeaumont.eu\/index.php\/wp-json\/wp\/v2\/media?parent=946"}],"wp:term":[{"taxonomy":"category","embeddable":true,"href":"https:\/\/av.arbeaumont.eu\/index.php\/wp-json\/wp\/v2\/categories?post=946"},{"taxonomy":"post_tag","embeddable":true,"href":"https:\/\/av.arbeaumont.eu\/index.php\/wp-json\/wp\/v2\/tags?post=946"}],"curies":[{"name":"wp","href":"https:\/\/api.w.org\/{rel}","templated":true}]}}